{"id":86862,"date":"2024-11-27T00:00:09","date_gmt":"2024-11-27T03:00:09","guid":{"rendered":"https:\/\/www.radioamigavallenar.cl\/?p=86862"},"modified":"2024-11-26T21:36:34","modified_gmt":"2024-11-27T00:36:34","slug":"denuncian-por-acoso-sexual-al-presidente-gabriel-boric-defensa-niega-acusaciones","status":"publish","type":"post","link":"https:\/\/www.radioamigavallenar.cl\/?p=86862","title":{"rendered":"Denuncian por acoso sexual al presidente Gabriel Boric: defensa niega acusaciones"},"content":{"rendered":"<p><strong>El mandatario asegura ser v\u00edctima de acoso cibern\u00e9tico, mientras la Fiscal\u00eda investiga las denuncias.<\/strong><\/p>\n<p>El presidente Gabriel Boric enfrenta una denuncia por acoso sexual y difusi\u00f3n de im\u00e1genes privadas, presentada por una mujer que alega haber sido afectada por acciones del mandatario. La defensa de Boric calific\u00f3 la acusaci\u00f3n como \u00abinfundada\u00bb y argument\u00f3 que, en realidad, \u00e9l es la v\u00edctima en este caso.<\/p>\n<p>Seg\u00fan Jonatan Valenzuela, abogado del presidente, la denunciante envi\u00f3 al mandatario al menos 25 correos electr\u00f3nicos entre 2013 y 2014, los cuales conten\u00edan im\u00e1genes expl\u00edcitas no solicitadas. Valenzuela afirm\u00f3 que Boric no manten\u00eda ninguna relaci\u00f3n afectiva ni de amistad con la mujer y que, desde julio de 2014, no ha habido contacto entre ambos.<\/p>\n<p>El abogado present\u00f3 estos correos electr\u00f3nicos a la Fiscal\u00eda como prueba para respaldar la defensa del presidente y desestimar las acusaciones. Adem\u00e1s, asegur\u00f3 que el presidente nunca ha estado involucrado en la difusi\u00f3n de im\u00e1genes privadas.<\/p>\n<p><strong>Investigaci\u00f3n en curso<\/strong><br \/>\nLa Fiscal\u00eda de Magallanes confirm\u00f3 que se han iniciado diligencias para esclarecer los hechos. Adem\u00e1s, investiga un posible acceso ilegal a los antecedentes de la causa, los cuales fueron filtrados y divulgados p\u00fablicamente, generando debate en la opini\u00f3n p\u00fablica.<\/p>\n<p>El Gobierno respald\u00f3 al mandatario y defendi\u00f3 la decisi\u00f3n de hacer p\u00fablica la denuncia, argumentando que ello permite avanzar en las investigaciones y esclarecer los hechos de manera transparente. Desde La Moneda, recalcaron que Boric es v\u00edctima de acoso cibern\u00e9tico y rechazaron categ\u00f3ricamente las acusaciones en su contra.<\/p>\n<p>El caso ha generado una nueva crisis pol\u00edtica para el Gobierno, sum\u00e1ndose a recientes controversias como la denuncia por violaci\u00f3n contra el exsubsecretario del Interior, Manuel Monsalve. Analistas han se\u00f1alado que estos hechos podr\u00edan afectar la percepci\u00f3n p\u00fablica del Ejecutivo y complicar su agenda pol\u00edtica en los pr\u00f3ximos meses.<\/p>\n<p>La Fiscal\u00eda continuar\u00e1 las investigaciones para determinar la veracidad de las denuncias y las posibles responsabilidades, en un caso que sigue generando impacto tanto en el \u00e1mbito judicial como pol\u00edtico.<\/p>\n","protected":false},"excerpt":{"rendered":"<p>El mandatario asegura ser v\u00edctima de acoso cibern\u00e9tico, mientras la Fiscal\u00eda investiga las denuncias. El presidente Gabriel Boric enfrenta una denuncia por acoso sexual y&hellip; <\/p>\n","protected":false},"author":6,"featured_media":73014,"comment_status":"closed","ping_status":"closed","sticky":false,"template":"","format":"standard","meta":{"footnotes":""},"categories":[37],"tags":[],"class_list":["post-86862","post","type-post","status-publish","format-standard","has-post-thumbnail","hentry","category-nacional"],"_links":{"self":[{"href":"https:\/\/www.radioamigavallenar.cl\/index.php?rest_route=\/wp\/v2\/posts\/86862","targetHints":{"allow":["GET"]}}],"collection":[{"href":"https:\/\/www.radioamigavallenar.cl\/index.php?rest_route=\/wp\/v2\/posts"}],"about":[{"href":"https:\/\/www.radioamigavallenar.cl\/index.php?rest_route=\/wp\/v2\/types\/post"}],"author":[{"embeddable":true,"href":"https:\/\/www.radioamigavallenar.cl\/index.php?rest_route=\/wp\/v2\/users\/6"}],"replies":[{"embeddable":true,"href":"https:\/\/www.radioamigavallenar.cl\/index.php?rest_route=%2Fwp%2Fv2%2Fcomments&post=86862"}],"version-history":[{"count":1,"href":"https:\/\/www.radioamigavallenar.cl\/index.php?rest_route=\/wp\/v2\/posts\/86862\/revisions"}],"predecessor-version":[{"id":86863,"href":"https:\/\/www.radioamigavallenar.cl\/index.php?rest_route=\/wp\/v2\/posts\/86862\/revisions\/86863"}],"wp:featuredmedia":[{"embeddable":true,"href":"https:\/\/www.radioamigavallenar.cl\/index.php?rest_route=\/wp\/v2\/media\/73014"}],"wp:attachment":[{"href":"https:\/\/www.radioamigavallenar.cl\/index.php?rest_route=%2Fwp%2Fv2%2Fmedia&parent=86862"}],"wp:term":[{"taxonomy":"category","embeddable":true,"href":"https:\/\/www.radioamigavallenar.cl\/index.php?rest_route=%2Fwp%2Fv2%2Fcategories&post=86862"},{"taxonomy":"post_tag","embeddable":true,"href":"https:\/\/www.radioamigavallenar.cl\/index.php?rest_route=%2Fwp%2Fv2%2Ftags&post=86862"}],"curies":[{"name":"wp","href":"https:\/\/api.w.org\/{rel}","templated":true}]}}