{"id":86851,"date":"2024-11-26T00:00:42","date_gmt":"2024-11-26T03:00:42","guid":{"rendered":"https:\/\/www.radioamigavallenar.cl\/?p=86851"},"modified":"2024-11-25T23:08:42","modified_gmt":"2024-11-26T02:08:42","slug":"habilitan-sitios-de-inspeccion-fitosanitaria-en-atacama-y-coquimbo-para-fortalecer-exportaciones-fruticolas","status":"publish","type":"post","link":"https:\/\/www.radioamigavallenar.cl\/?p=86851","title":{"rendered":"Habilitan sitios de inspecci\u00f3n fitosanitaria en Atacama y Coquimbo para fortalecer exportaciones frut\u00edcolas"},"content":{"rendered":"<div class=\"flex max-w-full flex-col flex-grow\">\n<div class=\"min-h-8 text-message flex w-full flex-col items-end gap-2 whitespace-normal break-words [.text-message+&amp;]:mt-5\" dir=\"auto\" data-message-author-role=\"assistant\" data-message-id=\"3c26c586-1e97-48ce-a0bf-7df6557e75be\" data-message-model-slug=\"gpt-4o\">\n<div class=\"flex w-full flex-col gap-1 empty:hidden first:pt-[3px]\">\n<div class=\"markdown prose w-full break-words dark:prose-invert light\">\n<p><strong>Los nuevos espacios permitir\u00e1n inspeccionar productos agr\u00edcolas como uvas de mesa y granadas, apuntando a mercados internacionales, principalmente Estados Unidos.<\/strong><\/p>\n<p>Con la habilitaci\u00f3n de nuevos sitios de inspecci\u00f3n fitosanitaria en las regiones de Atacama y Coquimbo, Chile refuerza su capacidad exportadora para productos agr\u00edcolas, especialmente uvas de mesa. Estos espacios, parte del protocolo <em>Systems Approach<\/em>, garantizan el cumplimiento de est\u00e1ndares fitosanitarios para exportaciones al mercado estadounidense.<\/p>\n<p>El sitio de inspecci\u00f3n en Atacama est\u00e1 ubicado en la planta de Unifrutti, en la salida norte de Copiap\u00f3, mientras que en Coquimbo se habilitar\u00e1 una infraestructura con 15 mesas de inspecci\u00f3n, destinadas a responder a la creciente demanda de revisi\u00f3n frut\u00edcola.<\/p>\n<p>Mei Maggi, directora regional del SAG Atacama, destac\u00f3 que \u00abeste es un anhelo de m\u00e1s de 20 a\u00f1os que finalmente se hace realidad. El sitio de inspecci\u00f3n es una herramienta clave para apoyar el crecimiento de la agricultura regional y potenciar nuestras exportaciones de uvas de mesa y granadas\u00bb.<\/p>\n<p>Por su parte, Jorge Fern\u00e1ndez, director regional del SAG de Coquimbo, enfatiz\u00f3 que el nuevo sitio en su regi\u00f3n contar\u00e1 con 5.000 m\u00b2 y 15 mesas de inspecci\u00f3n. \u00abEste proyecto, financiado a trav\u00e9s de una alianza p\u00fablico-privada, fortalecer\u00e1 las capacidades regionales para asegurar el cumplimiento de est\u00e1ndares internacionales, beneficiando a peque\u00f1os, medianos y grandes productores\u00bb, subray\u00f3.<\/p>\n<p>Durante la temporada 2023-2024, Atacama export\u00f3 m\u00e1s de 71.860 toneladas de frutas frescas, de las cuales el 97% correspondieron a uvas de mesa. En Coquimbo, los env\u00edos alcanzaron 214.584 toneladas, con un 39% de uvas de mesa y un 56% de c\u00edtricos.<\/p>\n<p>Ambos sitios estar\u00e1n supervisados por el Servicio de Inspecci\u00f3n Sanitaria de Animales y Plantas del Departamento de Agricultura de Estados Unidos (USDA-APHIS), en coordinaci\u00f3n con el Servicio Agr\u00edcola y Ganadero (SAG) y Frutas de Chile, para asegurar el cumplimiento de las normativas internacionales.<\/p>\n<p>La implementaci\u00f3n de estas instalaciones no solo garantizar\u00e1 exportaciones seguras, sino que tambi\u00e9n fortalecer\u00e1 la posici\u00f3n de Chile como un proveedor confiable de productos agr\u00edcolas de alta calidad a nivel global.<\/p>\n<\/div>\n<\/div>\n<\/div>\n<\/div>\n","protected":false},"excerpt":{"rendered":"<p>Los nuevos espacios permitir\u00e1n inspeccionar productos agr\u00edcolas como uvas de mesa y granadas, apuntando a mercados internacionales, principalmente Estados Unidos. Con la habilitaci\u00f3n de nuevos&hellip; <\/p>\n","protected":false},"author":6,"featured_media":86852,"comment_status":"closed","ping_status":"closed","sticky":false,"template":"","format":"standard","meta":{"footnotes":""},"categories":[38],"tags":[],"class_list":["post-86851","post","type-post","status-publish","format-standard","has-post-thumbnail","hentry","category-portada-regional"],"_links":{"self":[{"href":"https:\/\/www.radioamigavallenar.cl\/index.php?rest_route=\/wp\/v2\/posts\/86851","targetHints":{"allow":["GET"]}}],"collection":[{"href":"https:\/\/www.radioamigavallenar.cl\/index.php?rest_route=\/wp\/v2\/posts"}],"about":[{"href":"https:\/\/www.radioamigavallenar.cl\/index.php?rest_route=\/wp\/v2\/types\/post"}],"author":[{"embeddable":true,"href":"https:\/\/www.radioamigavallenar.cl\/index.php?rest_route=\/wp\/v2\/users\/6"}],"replies":[{"embeddable":true,"href":"https:\/\/www.radioamigavallenar.cl\/index.php?rest_route=%2Fwp%2Fv2%2Fcomments&post=86851"}],"version-history":[{"count":1,"href":"https:\/\/www.radioamigavallenar.cl\/index.php?rest_route=\/wp\/v2\/posts\/86851\/revisions"}],"predecessor-version":[{"id":86853,"href":"https:\/\/www.radioamigavallenar.cl\/index.php?rest_route=\/wp\/v2\/posts\/86851\/revisions\/86853"}],"wp:featuredmedia":[{"embeddable":true,"href":"https:\/\/www.radioamigavallenar.cl\/index.php?rest_route=\/wp\/v2\/media\/86852"}],"wp:attachment":[{"href":"https:\/\/www.radioamigavallenar.cl\/index.php?rest_route=%2Fwp%2Fv2%2Fmedia&parent=86851"}],"wp:term":[{"taxonomy":"category","embeddable":true,"href":"https:\/\/www.radioamigavallenar.cl\/index.php?rest_route=%2Fwp%2Fv2%2Fcategories&post=86851"},{"taxonomy":"post_tag","embeddable":true,"href":"https:\/\/www.radioamigavallenar.cl\/index.php?rest_route=%2Fwp%2Fv2%2Ftags&post=86851"}],"curies":[{"name":"wp","href":"https:\/\/api.w.org\/{rel}","templated":true}]}}