{"id":8672,"date":"2018-03-01T08:00:26","date_gmt":"2018-03-01T11:00:26","guid":{"rendered":"http:\/\/www.radioamigavallenar.cl\/?p=8672"},"modified":"2018-03-01T13:16:10","modified_gmt":"2018-03-01T16:16:10","slug":"columna-de-opinion-bienvenido-ano-escolar","status":"publish","type":"post","link":"https:\/\/www.radioamigavallenar.cl\/?p=8672","title":{"rendered":"Columna de opini\u00f3n: Bienvenido a\u00f1o escolar"},"content":{"rendered":"<p style=\"text-align: justify;\"><a href=\"http:\/\/www.radioamigavallenar.cl\/wp-content\/uploads\/2018\/02\/Mauricio-Hidalgo-Robledo.jpg\"><img loading=\"lazy\" decoding=\"async\" class=\" size-medium wp-image-8551 aligncenter\" src=\"http:\/\/www.radioamigavallenar.cl\/wp-content\/uploads\/2018\/02\/Mauricio-Hidalgo-Robledo-300x200.jpg\" alt=\"Mauricio Hidalgo Robledo\" width=\"300\" height=\"200\" srcset=\"https:\/\/www.radioamigavallenar.cl\/wp-content\/uploads\/2018\/02\/Mauricio-Hidalgo-Robledo-300x200.jpg 300w, https:\/\/www.radioamigavallenar.cl\/wp-content\/uploads\/2018\/02\/Mauricio-Hidalgo-Robledo.jpg 700w\" sizes=\"auto, (max-width: 300px) 100vw, 300px\" \/><\/a><\/p>\n<p style=\"text-align: justify;\">El pr\u00f3ximo 5 de marzo, se da inicio al a\u00f1o escolar en la provincia de Huasco y en toda la regi\u00f3n de Atacama. Cientos de ni\u00f1os, ni\u00f1as y j\u00f3venes, comienzan un nuevo a\u00f1o de aprendizajes, experiencias y vivencias, que sin duda, aportar\u00e1n a su desarrollo personal y profesional.<\/p>\n<p style=\"text-align: justify;\">As\u00ed como los educandos, tambi\u00e9n hay un grupo importante de profesores, asistentes de la educaci\u00f3n, directores, padres y apoderados, que a\u00f1o tras a\u00f1o, forman parte de esta cadena llamada Educaci\u00f3n.<\/p>\n<p style=\"text-align: justify;\">Durante este 2018, en toda la provincia del Huasco, la educaci\u00f3n vivir\u00e1 una trasformaci\u00f3n respecto a su calidad, participaci\u00f3n y administraci\u00f3n, ya que pasar\u00e1 de manos de los municipios, al Estado. A partir del 1 julio, el Servicio Local de Educaci\u00f3n P\u00fablica (SLEP) Huasco, ser\u00e1 el encargado de comenzar a construir la Educaci\u00f3n P\u00fablica en sus jardines, escuelas y liceos, donde queremos que todos y todas aprendan con una visi\u00f3n inclusiva; donde se promueva la participaci\u00f3n activa de los estudiantes y sus familias; donde se incentive el trabajo colaborativo entre los profesores, directivos y asistentes de la educaci\u00f3n; un lugar abierto a las familias y a su entorno, que colabora y coopera con otras instituciones para mejorar la calidad de la educaci\u00f3n y que trabaje en red con otros establecimientos educacionales para mejorar constantemente.<\/p>\n<p style=\"text-align: justify;\">Ese jard\u00edn, escuela y liceo p\u00fablico que queremos, se convertir\u00e1 en el espacio donde nuestros ni\u00f1os, ni\u00f1as y j\u00f3venes podr\u00e1n desarrollar sus habilidades, esas habilidades que les permitir\u00e1n construir d\u00eda a d\u00eda el futuro que todos buscamos, ese futuro donde la educaci\u00f3n sea el arma m\u00e1s potente de la sociedad, donde sus ciudadanos construyan desde la diversidad, desde sus ra\u00edces y sus derechos.<\/p>\n<p style=\"text-align: justify;\">Bienvenidos todos a este nuevo a\u00f1o escolar 2018, bienvenidos a este a\u00f1o donde la provincia del Huasco marcar\u00e1 un precedente en la Nueva Educaci\u00f3n P\u00fablica de Chile.<\/p>\n","protected":false},"excerpt":{"rendered":"<p>El pr\u00f3ximo 5 de marzo, se da inicio al a\u00f1o escolar en la provincia de Huasco y en toda la regi\u00f3n de Atacama. Cientos de&hellip; <\/p>\n","protected":false},"author":2,"featured_media":8551,"comment_status":"open","ping_status":"closed","sticky":false,"template":"","format":"standard","meta":{"footnotes":""},"categories":[2],"tags":[],"class_list":["post-8672","post","type-post","status-publish","format-standard","has-post-thumbnail","hentry","category-vallenar"],"_links":{"self":[{"href":"https:\/\/www.radioamigavallenar.cl\/index.php?rest_route=\/wp\/v2\/posts\/8672","targetHints":{"allow":["GET"]}}],"collection":[{"href":"https:\/\/www.radioamigavallenar.cl\/index.php?rest_route=\/wp\/v2\/posts"}],"about":[{"href":"https:\/\/www.radioamigavallenar.cl\/index.php?rest_route=\/wp\/v2\/types\/post"}],"author":[{"embeddable":true,"href":"https:\/\/www.radioamigavallenar.cl\/index.php?rest_route=\/wp\/v2\/users\/2"}],"replies":[{"embeddable":true,"href":"https:\/\/www.radioamigavallenar.cl\/index.php?rest_route=%2Fwp%2Fv2%2Fcomments&post=8672"}],"version-history":[{"count":0,"href":"https:\/\/www.radioamigavallenar.cl\/index.php?rest_route=\/wp\/v2\/posts\/8672\/revisions"}],"wp:featuredmedia":[{"embeddable":true,"href":"https:\/\/www.radioamigavallenar.cl\/index.php?rest_route=\/wp\/v2\/media\/8551"}],"wp:attachment":[{"href":"https:\/\/www.radioamigavallenar.cl\/index.php?rest_route=%2Fwp%2Fv2%2Fmedia&parent=8672"}],"wp:term":[{"taxonomy":"category","embeddable":true,"href":"https:\/\/www.radioamigavallenar.cl\/index.php?rest_route=%2Fwp%2Fv2%2Fcategories&post=8672"},{"taxonomy":"post_tag","embeddable":true,"href":"https:\/\/www.radioamigavallenar.cl\/index.php?rest_route=%2Fwp%2Fv2%2Ftags&post=8672"}],"curies":[{"name":"wp","href":"https:\/\/api.w.org\/{rel}","templated":true}]}}