{"id":86189,"date":"2024-11-05T07:16:45","date_gmt":"2024-11-05T10:16:45","guid":{"rendered":"https:\/\/www.radioamigavallenar.cl\/?p=86189"},"modified":"2024-11-05T07:16:45","modified_gmt":"2024-11-05T10:16:45","slug":"sii-presenta-querella-contra-camila-polizzi-por-fraude-tributario-y-desvio-de-fondos-publicos-en-el-bio-bio","status":"publish","type":"post","link":"https:\/\/www.radioamigavallenar.cl\/?p=86189","title":{"rendered":"SII presenta querella contra Camila Polizzi por fraude tributario y desv\u00edo de fondos p\u00fablicos en el B\u00edo B\u00edo"},"content":{"rendered":"<p>El Servicio de Impuestos Internos (SII) ha interpuesto una querella criminal contra la ex candidata a alcaldesa de Concepci\u00f3n, Camila Polizzi, y su ex pareja, Sebasti\u00e1n Polanco, por presunto fraude tributario y desv\u00edo de fondos p\u00fablicos. Los acusados habr\u00edan utilizado documentaci\u00f3n falsa para desviar $250 millones del Gobierno Regional del B\u00edo B\u00edo mediante una entidad de capacitaci\u00f3n adquirida a trav\u00e9s de Facebook.<\/p>\n<p>La investigaci\u00f3n, plasmada en un libelo de 38 p\u00e1ginas, detalla que Polizzi y Polanco usaron la OTEC Frumisal para justificar servicios inexistentes mediante <strong>63 boletas de honorarios y 28 facturas<\/strong>, desviando montos hacia cuentas personales y empresas relacionadas. Adem\u00e1s, omitieron estos ingresos en sus declaraciones tributarias, causando un perjuicio fiscal estimado en <strong>$16.660.638<\/strong>.<\/p>\n<p>El caso ha sido seguido de cerca por el Consejo de Defensa del Estado (CDE), que tambi\u00e9n present\u00f3 una querella por fraude al fisco. Seg\u00fan la CDE, Polizzi y sus asociados habr\u00edan actuado de manera concertada para obtener fondos de un programa de capacitaci\u00f3n ciudadana, aunque la Fundaci\u00f3n En Ti, la organizaci\u00f3n beneficiada, no cumpl\u00eda con los requisitos legales.<\/p>\n<p>En respuesta, Polizzi interpuso una querella contra Polanco, argumentando que \u00e9l fue responsable de las irregularidades y que ella desconoc\u00eda los manejos indebidos. Este conflicto es parte del conocido \u201cCaso Convenios,\u201d que ha expuesto diversas irregularidades en el uso de fondos destinados a fundaciones y organizaciones sin fines de lucro.<\/p>\n<p>La querella del SII y las acusaciones del CDE subrayan la necesidad de mayor supervisi\u00f3n en la asignaci\u00f3n de recursos p\u00fablicos, y el proceso judicial se espera que contin\u00fae revelando detalles sobre los m\u00e9todos y el alcance de la presunta malversaci\u00f3n.<\/p>\n","protected":false},"excerpt":{"rendered":"<p>El Servicio de Impuestos Internos (SII) ha interpuesto una querella criminal contra la ex candidata a alcaldesa de Concepci\u00f3n, Camila Polizzi, y su ex pareja,&hellip; <\/p>\n","protected":false},"author":6,"featured_media":86190,"comment_status":"closed","ping_status":"closed","sticky":false,"template":"","format":"standard","meta":{"footnotes":""},"categories":[37],"tags":[],"class_list":["post-86189","post","type-post","status-publish","format-standard","has-post-thumbnail","hentry","category-nacional"],"_links":{"self":[{"href":"https:\/\/www.radioamigavallenar.cl\/index.php?rest_route=\/wp\/v2\/posts\/86189","targetHints":{"allow":["GET"]}}],"collection":[{"href":"https:\/\/www.radioamigavallenar.cl\/index.php?rest_route=\/wp\/v2\/posts"}],"about":[{"href":"https:\/\/www.radioamigavallenar.cl\/index.php?rest_route=\/wp\/v2\/types\/post"}],"author":[{"embeddable":true,"href":"https:\/\/www.radioamigavallenar.cl\/index.php?rest_route=\/wp\/v2\/users\/6"}],"replies":[{"embeddable":true,"href":"https:\/\/www.radioamigavallenar.cl\/index.php?rest_route=%2Fwp%2Fv2%2Fcomments&post=86189"}],"version-history":[{"count":1,"href":"https:\/\/www.radioamigavallenar.cl\/index.php?rest_route=\/wp\/v2\/posts\/86189\/revisions"}],"predecessor-version":[{"id":86191,"href":"https:\/\/www.radioamigavallenar.cl\/index.php?rest_route=\/wp\/v2\/posts\/86189\/revisions\/86191"}],"wp:featuredmedia":[{"embeddable":true,"href":"https:\/\/www.radioamigavallenar.cl\/index.php?rest_route=\/wp\/v2\/media\/86190"}],"wp:attachment":[{"href":"https:\/\/www.radioamigavallenar.cl\/index.php?rest_route=%2Fwp%2Fv2%2Fmedia&parent=86189"}],"wp:term":[{"taxonomy":"category","embeddable":true,"href":"https:\/\/www.radioamigavallenar.cl\/index.php?rest_route=%2Fwp%2Fv2%2Fcategories&post=86189"},{"taxonomy":"post_tag","embeddable":true,"href":"https:\/\/www.radioamigavallenar.cl\/index.php?rest_route=%2Fwp%2Fv2%2Ftags&post=86189"}],"curies":[{"name":"wp","href":"https:\/\/api.w.org\/{rel}","templated":true}]}}