{"id":86179,"date":"2024-11-05T07:02:43","date_gmt":"2024-11-05T10:02:43","guid":{"rendered":"https:\/\/www.radioamigavallenar.cl\/?p=86179"},"modified":"2024-11-05T07:10:20","modified_gmt":"2024-11-05T10:10:20","slug":"ninos-ninas-y-adolescentes-del-servicio-de-proteccion-especializada-eligen-a-sus-representantes-regionales-en-atacama","status":"publish","type":"post","link":"https:\/\/www.radioamigavallenar.cl\/?p=86179","title":{"rendered":"Ni\u00f1os, ni\u00f1as y adolescentes del Servicio de Protecci\u00f3n Especializada eligen a sus representantes regionales en Atacama"},"content":{"rendered":"<div class=\"flex max-w-full flex-col flex-grow\">\n<div class=\"min-h-8 text-message flex w-full flex-col items-end gap-2 whitespace-normal break-words [.text-message+&amp;]:mt-5\" dir=\"auto\" data-message-author-role=\"assistant\" data-message-id=\"8d1db1e5-6a4b-48d4-869f-65b3f3d2aab9\" data-message-model-slug=\"gpt-4o\">\n<div class=\"flex w-full flex-col gap-1 empty:hidden first:pt-[3px]\">\n<div class=\"markdown prose w-full break-words dark:prose-invert light\">\n<p>En el Segundo Encuentro Regional de Participaci\u00f3n, m\u00e1s de 30 ni\u00f1os, ni\u00f1as y adolescentes de toda la regi\u00f3n de Atacama se reunieron para elegir a sus representantes regionales en un evento marcado por la participaci\u00f3n y la democracia. La actividad, celebrada en el Club Los \u00c1ngeles, congreg\u00f3 a j\u00f3venes de programas ambulatorios y residenciales del Servicio de Protecci\u00f3n Especializada, quienes, tras vivir experiencias de vulneraci\u00f3n de derechos, forman parte de esta red de apoyo.<\/p>\n<p>Durante el encuentro, los asistentes eligieron a tres consejeros regionales, quienes ser\u00e1n la voz de sus compa\u00f1eros ante el director regional del Servicio, C\u00e9sar Guzm\u00e1n D\u00edaz. <em>\u201cEstamos muy contentos porque estos ni\u00f1os y adolescentes han podido participar y expresar sus necesidades. Vamos a trabajar escuchando sus propuestas y esperamos dar respuestas, porque nuestro objetivo es que su participaci\u00f3n sea efectiva,\u201d<\/em> se\u00f1al\u00f3 Guzm\u00e1n.<\/p>\n<p>Entre los elegidos, Daniel, de 13 a\u00f1os, destac\u00f3 la necesidad de contar con m\u00e1s profesionales especializados en salud mental. <em>\u201cNecesitamos psiquiatras y otros profesionales, porque para muchos de nosotros es dif\u00edcil acceder a medicamentos y atenci\u00f3n oportuna. Queremos mayor igualdad,\u201d<\/em> coment\u00f3 Daniel, quien forma parte de un programa ambulatorio de Meraki.<\/p>\n<p>Catalina, de 16 a\u00f1os y residente en Freirina, fue otra de las seleccionadas. Su principal motivaci\u00f3n es representar las inquietudes de sus compa\u00f1eros de residencia. <em>\u201cTenemos ideas para salir adelante, no solo en lo econ\u00f3mico, sino tambi\u00e9n en lo psicol\u00f3gico y emocional. Algunas ya vamos a cumplir 18 a\u00f1os, y necesitamos prepararnos para la vida independiente,\u201d<\/em> afirm\u00f3 Catalina.<\/p>\n<p>El director regional se comprometi\u00f3 a trabajar junto a los nuevos representantes para generar condiciones que permitan atender estas demandas, subrayando la importancia de apoyar a los j\u00f3venes en su proceso de resignificaci\u00f3n y superaci\u00f3n de experiencias. Este evento representa un paso significativo hacia la inclusi\u00f3n y el fortalecimiento de la voz de los j\u00f3venes en la toma de decisiones sobre temas que impactan sus vidas.<\/p>\n<\/div>\n<\/div>\n<\/div>\n<\/div>\n","protected":false},"excerpt":{"rendered":"<p>En el Segundo Encuentro Regional de Participaci\u00f3n, m\u00e1s de 30 ni\u00f1os, ni\u00f1as y adolescentes de toda la regi\u00f3n de Atacama se reunieron para elegir a&hellip; <\/p>\n","protected":false},"author":6,"featured_media":86180,"comment_status":"closed","ping_status":"closed","sticky":false,"template":"","format":"standard","meta":{"footnotes":""},"categories":[7],"tags":[],"class_list":["post-86179","post","type-post","status-publish","format-standard","has-post-thumbnail","hentry","category-atacama"],"_links":{"self":[{"href":"https:\/\/www.radioamigavallenar.cl\/index.php?rest_route=\/wp\/v2\/posts\/86179","targetHints":{"allow":["GET"]}}],"collection":[{"href":"https:\/\/www.radioamigavallenar.cl\/index.php?rest_route=\/wp\/v2\/posts"}],"about":[{"href":"https:\/\/www.radioamigavallenar.cl\/index.php?rest_route=\/wp\/v2\/types\/post"}],"author":[{"embeddable":true,"href":"https:\/\/www.radioamigavallenar.cl\/index.php?rest_route=\/wp\/v2\/users\/6"}],"replies":[{"embeddable":true,"href":"https:\/\/www.radioamigavallenar.cl\/index.php?rest_route=%2Fwp%2Fv2%2Fcomments&post=86179"}],"version-history":[{"count":1,"href":"https:\/\/www.radioamigavallenar.cl\/index.php?rest_route=\/wp\/v2\/posts\/86179\/revisions"}],"predecessor-version":[{"id":86181,"href":"https:\/\/www.radioamigavallenar.cl\/index.php?rest_route=\/wp\/v2\/posts\/86179\/revisions\/86181"}],"wp:featuredmedia":[{"embeddable":true,"href":"https:\/\/www.radioamigavallenar.cl\/index.php?rest_route=\/wp\/v2\/media\/86180"}],"wp:attachment":[{"href":"https:\/\/www.radioamigavallenar.cl\/index.php?rest_route=%2Fwp%2Fv2%2Fmedia&parent=86179"}],"wp:term":[{"taxonomy":"category","embeddable":true,"href":"https:\/\/www.radioamigavallenar.cl\/index.php?rest_route=%2Fwp%2Fv2%2Fcategories&post=86179"},{"taxonomy":"post_tag","embeddable":true,"href":"https:\/\/www.radioamigavallenar.cl\/index.php?rest_route=%2Fwp%2Fv2%2Ftags&post=86179"}],"curies":[{"name":"wp","href":"https:\/\/api.w.org\/{rel}","templated":true}]}}