{"id":8610,"date":"2018-02-26T18:57:08","date_gmt":"2018-02-26T21:57:08","guid":{"rendered":"http:\/\/www.radioamigavallenar.cl\/?p=8610"},"modified":"2018-02-26T18:57:35","modified_gmt":"2018-02-26T21:57:35","slug":"mulet-escuela-de-medicina-un-gran-paso-vamos-ahora-por-el-centro-oncologico-para-atacama-lo-merecemos","status":"publish","type":"post","link":"https:\/\/www.radioamigavallenar.cl\/?p=8610","title":{"rendered":"Mulet: \u201cEscuela de Medicina un gran paso, vamos ahora por el Centro Oncol\u00f3gico para Atacama, lo merecemos\u201d"},"content":{"rendered":"<p style=\"text-align: center;\"><a href=\"http:\/\/www.radioamigavallenar.cl\/wp-content\/uploads\/2017\/04\/Jaime-Mulet.jpg\"><img loading=\"lazy\" decoding=\"async\" class=\"alignnone size-medium wp-image-4526\" src=\"http:\/\/www.radioamigavallenar.cl\/wp-content\/uploads\/2017\/04\/Jaime-Mulet-300x200.jpg\" alt=\"Jaime Mulet\" width=\"300\" height=\"200\" srcset=\"https:\/\/www.radioamigavallenar.cl\/wp-content\/uploads\/2017\/04\/Jaime-Mulet-300x200.jpg 300w, https:\/\/www.radioamigavallenar.cl\/wp-content\/uploads\/2017\/04\/Jaime-Mulet.jpg 700w\" sizes=\"auto, (max-width: 300px) 100vw, 300px\" \/><\/a><\/p>\n<p style=\"text-align: justify;\">Muy satisfecho se mostr\u00f3 el diputado electo por Atacama, Jaime Mulet, con la reciente aprobaci\u00f3n en el Consejo Regional de los recursos necesarios para la compra de los terrenos donde se construir\u00e1 la facultad de medicina de la Universidad de Atacama.<\/p>\n<p style=\"text-align: justify;\">\u201cMe alegro mucho que ya est\u00e9n disponibles los terrenos y los recursos para la construcci\u00f3n del edificio y los laboratorios; ya est\u00e1n matriculados los alumnos y dispuesto lo necesario para dar inicio a la primera Escuela de Medicina de la Regi\u00f3n de Atacama en nuestra universidad estatal. Adem\u00e1s de valorar el esfuerzo del Consejo Regional, este es un ejemplo que debemos seguir. Cuando las autoridades, parlamentarios, gobierno, alcaldes, concejales, CORES, se ponen de acuerdo, dejan de lado sus diferencias, y trabajan en pro de un objetivo com\u00fan, se pueden lograr grandes cosas para nuestra comunidad\u201d, se\u00f1al\u00f3 el diputado electo.<\/p>\n<p style=\"text-align: justify;\">Mulet agreg\u00f3 que \u201clos plazos pudieron ser incluso m\u00e1s breves, cuando el a\u00f1o 2009 propuse la necesidad de formar a nuestros propios m\u00e9dicos, en nuestra propia Escuela de Medicina, mucha gente me critic\u00f3, lo encontraron innecesario. Argumentaron entre otras cosas que la regi\u00f3n deb\u00eda desarrollar solamente carreras t\u00e9cnicas y profesionales en torno a la miner\u00eda. Pero despu\u00e9s varios se fueron sumando y creo que eso es lo que vale la pena hoy destacar\u201d.<\/p>\n<p style=\"text-align: justify;\">\u201cLa facultad de medicina no solo nos va a traer m\u00e9dicos, laboratorios y estudiantes Atacama, esencialmente nos dar\u00e1 un mayor estatus como regi\u00f3n. Tener una facultad de medicina en la Universidad de Atacama es muy relevante, por ejemplo a futuro podemos desarrollar especialidades en materias de inter\u00e9s para la regi\u00f3n como son las enfermedades respiratorias, por la silicosis que sufren muchos mineros y otras que afectan a nuestros trabajadores, por ejemplo que trabajan en altura. Se desarrollar\u00e1n seminarios, congresos, investigaci\u00f3n, etc. Subimos de categor\u00eda y eso es algo que debemos destacar, seguiremos aportando al pa\u00eds\u201d, afirm\u00f3 el Presidente de la Federaci\u00f3n Regionalista Verde Social.<\/p>\n<p style=\"text-align: justify;\">\u201cEste es un buen ejemplo que hay que seguir, son muchas las tareas que debemos afrontar conjuntamente. Yo invito al futuro Consejo Regional a que nos pongamos de acuerdo, dejando de lados las disputas y poniendo al centro a la comunidad. Hace 10 a\u00f1os tambi\u00e9n propuse la creaci\u00f3n de un Centro Oncol\u00f3gico en Atacama y hoy lo reafirmo. El pr\u00f3ximo gran objetivo en materia de salud deber\u00eda ser este centro que mejore la calidad de vida de nuestros enfermos de c\u00e1ncer, los que deben realizar un doloroso peregrinaje viajando largas distancias, dejando de lado a sus familias y desembolsando enormes cantidades de dinero para poder ser atendidos en alguna de las regiones que cuentan con esta infraestructura. La Escuela de Medicina es un gran paso, vamos ahora por el centro oncol\u00f3gico para Atacama, lo merecemos y lo exigiremos\u201d concluy\u00f3 el diputado electo Jaime Mulet.<\/p>\n","protected":false},"excerpt":{"rendered":"<p>Muy satisfecho se mostr\u00f3 el diputado electo por Atacama, Jaime Mulet, con la reciente aprobaci\u00f3n en el Consejo Regional de los recursos necesarios para la&hellip; <\/p>\n","protected":false},"author":2,"featured_media":4526,"comment_status":"open","ping_status":"closed","sticky":false,"template":"","format":"standard","meta":{"footnotes":""},"categories":[7],"tags":[],"class_list":["post-8610","post","type-post","status-publish","format-standard","has-post-thumbnail","hentry","category-atacama"],"_links":{"self":[{"href":"https:\/\/www.radioamigavallenar.cl\/index.php?rest_route=\/wp\/v2\/posts\/8610","targetHints":{"allow":["GET"]}}],"collection":[{"href":"https:\/\/www.radioamigavallenar.cl\/index.php?rest_route=\/wp\/v2\/posts"}],"about":[{"href":"https:\/\/www.radioamigavallenar.cl\/index.php?rest_route=\/wp\/v2\/types\/post"}],"author":[{"embeddable":true,"href":"https:\/\/www.radioamigavallenar.cl\/index.php?rest_route=\/wp\/v2\/users\/2"}],"replies":[{"embeddable":true,"href":"https:\/\/www.radioamigavallenar.cl\/index.php?rest_route=%2Fwp%2Fv2%2Fcomments&post=8610"}],"version-history":[{"count":0,"href":"https:\/\/www.radioamigavallenar.cl\/index.php?rest_route=\/wp\/v2\/posts\/8610\/revisions"}],"wp:featuredmedia":[{"embeddable":true,"href":"https:\/\/www.radioamigavallenar.cl\/index.php?rest_route=\/wp\/v2\/media\/4526"}],"wp:attachment":[{"href":"https:\/\/www.radioamigavallenar.cl\/index.php?rest_route=%2Fwp%2Fv2%2Fmedia&parent=8610"}],"wp:term":[{"taxonomy":"category","embeddable":true,"href":"https:\/\/www.radioamigavallenar.cl\/index.php?rest_route=%2Fwp%2Fv2%2Fcategories&post=8610"},{"taxonomy":"post_tag","embeddable":true,"href":"https:\/\/www.radioamigavallenar.cl\/index.php?rest_route=%2Fwp%2Fv2%2Ftags&post=8610"}],"curies":[{"name":"wp","href":"https:\/\/api.w.org\/{rel}","templated":true}]}}