{"id":86043,"date":"2024-10-29T00:00:00","date_gmt":"2024-10-29T03:00:00","guid":{"rendered":"https:\/\/www.radioamigavallenar.cl\/?p=86043"},"modified":"2024-10-28T22:50:03","modified_gmt":"2024-10-29T01:50:03","slug":"jardin-infantil-girasol-de-junji-atacama-celebra-exitoso-cierre-de-la-campana-puzzle-de-la-proteccion","status":"publish","type":"post","link":"https:\/\/www.radioamigavallenar.cl\/?p=86043","title":{"rendered":"Jard\u00edn Infantil \u201cGirasol\u201d de JUNJI Atacama celebra exitoso cierre de la campa\u00f1a \u00abPuzzle de la Protecci\u00f3n\u00bb"},"content":{"rendered":"<p>Con una ceremonia que reuni\u00f3 a funcionarias, familias y autoridades, el Jard\u00edn Infantil \u201cGirasol\u201d de Copiap\u00f3 celebr\u00f3 el cierre exitoso de la campa\u00f1a \u00abPuzzle de la Protecci\u00f3n\u00bb. Durante ocho semanas, la iniciativa implementada por JUNJI Atacama se enfoc\u00f3 en promover un entorno seguro y participativo, alcanzando un hito importante: cero accidentes laborales reportados en la Asociaci\u00f3n Chilena de Seguridad (ACHS), un logro que destaca el compromiso de la instituci\u00f3n con la seguridad y el bienestar de su comunidad.<\/p>\n<p>El Director Regional de JUNJI Atacama, Agust\u00edn Moreno, expres\u00f3 su satisfacci\u00f3n por los resultados obtenidos. \u201cEste logro refleja el esfuerzo conjunto del equipo educativo del jard\u00edn Girasol y las familias por crear un ambiente seguro para los ni\u00f1os y ni\u00f1as. Nos enorgullece haber culminado la campa\u00f1a sin incidentes y reafirmamos nuestro compromiso de mantener este est\u00e1ndar en todos nuestros jardines infantiles\u201d, se\u00f1al\u00f3.<\/p>\n<p>Por su parte, la Subgerente de Operaciones de la ACHS, Gineva Podesta, destac\u00f3 la importancia de la colaboraci\u00f3n entre JUNJI y la ACHS en la prevenci\u00f3n de riesgos: \u201cLa campa\u00f1a \u2018Puzzle de la Protecci\u00f3n\u2019 ha fortalecido el compromiso de funcionarias y familias con la seguridad, creando un ambiente seguro para todos\u201d.<\/p>\n<p>El evento cont\u00f3 con la presencia de autoridades locales, as\u00ed como de los expertos en seguridad Sebasti\u00e1n Rodr\u00edguez y Soraya D\u00edaz, quienes acompa\u00f1aron a la comunidad educativa del Jard\u00edn Infantil Girasol en este significativo logro.<\/p>\n<p>La campa\u00f1a \u00abPuzzle de la Protecci\u00f3n\u00bb reafirma el compromiso de JUNJI Atacama con el bienestar de sus funcionarias, familias y especialmente de los ni\u00f1os y ni\u00f1as, promoviendo pr\u00e1cticas de seguridad que se seguir\u00e1n extendiendo a todos los jardines infantiles de la regi\u00f3n.<\/p>\n","protected":false},"excerpt":{"rendered":"<p>Con una ceremonia que reuni\u00f3 a funcionarias, familias y autoridades, el Jard\u00edn Infantil \u201cGirasol\u201d de Copiap\u00f3 celebr\u00f3 el cierre exitoso de la campa\u00f1a \u00abPuzzle de&hellip; <\/p>\n","protected":false},"author":6,"featured_media":86044,"comment_status":"closed","ping_status":"closed","sticky":false,"template":"","format":"standard","meta":{"footnotes":""},"categories":[7],"tags":[],"class_list":["post-86043","post","type-post","status-publish","format-standard","has-post-thumbnail","hentry","category-atacama"],"_links":{"self":[{"href":"https:\/\/www.radioamigavallenar.cl\/index.php?rest_route=\/wp\/v2\/posts\/86043","targetHints":{"allow":["GET"]}}],"collection":[{"href":"https:\/\/www.radioamigavallenar.cl\/index.php?rest_route=\/wp\/v2\/posts"}],"about":[{"href":"https:\/\/www.radioamigavallenar.cl\/index.php?rest_route=\/wp\/v2\/types\/post"}],"author":[{"embeddable":true,"href":"https:\/\/www.radioamigavallenar.cl\/index.php?rest_route=\/wp\/v2\/users\/6"}],"replies":[{"embeddable":true,"href":"https:\/\/www.radioamigavallenar.cl\/index.php?rest_route=%2Fwp%2Fv2%2Fcomments&post=86043"}],"version-history":[{"count":1,"href":"https:\/\/www.radioamigavallenar.cl\/index.php?rest_route=\/wp\/v2\/posts\/86043\/revisions"}],"predecessor-version":[{"id":86045,"href":"https:\/\/www.radioamigavallenar.cl\/index.php?rest_route=\/wp\/v2\/posts\/86043\/revisions\/86045"}],"wp:featuredmedia":[{"embeddable":true,"href":"https:\/\/www.radioamigavallenar.cl\/index.php?rest_route=\/wp\/v2\/media\/86044"}],"wp:attachment":[{"href":"https:\/\/www.radioamigavallenar.cl\/index.php?rest_route=%2Fwp%2Fv2%2Fmedia&parent=86043"}],"wp:term":[{"taxonomy":"category","embeddable":true,"href":"https:\/\/www.radioamigavallenar.cl\/index.php?rest_route=%2Fwp%2Fv2%2Fcategories&post=86043"},{"taxonomy":"post_tag","embeddable":true,"href":"https:\/\/www.radioamigavallenar.cl\/index.php?rest_route=%2Fwp%2Fv2%2Ftags&post=86043"}],"curies":[{"name":"wp","href":"https:\/\/api.w.org\/{rel}","templated":true}]}}