{"id":86017,"date":"2024-10-28T12:38:30","date_gmt":"2024-10-28T15:38:30","guid":{"rendered":"https:\/\/www.radioamigavallenar.cl\/?p=86017"},"modified":"2024-10-28T12:38:30","modified_gmt":"2024-10-28T15:38:30","slug":"concejo-municipal-aprueba-traspaso-de-300-millones-de-pesos-del-ind-para-mejoramiento-del-estadio-municipal-de-vallenar","status":"publish","type":"post","link":"https:\/\/www.radioamigavallenar.cl\/?p=86017","title":{"rendered":"CONCEJO MUNICIPAL APRUEBA TRASPASO DE 300 MILLONES DE PESOS DEL IND PARA MEJORAMIENTO DEL ESTADIO MUNICIPAL DE VALLENAR"},"content":{"rendered":"<p>Una muy buena noticia surgi\u00f3 de la \u00faltima sesi\u00f3n extraordinaria del Honorable Concejo Municipal de Vallenar, al aprobarse por la unanimidad de las y los concejales el traspaso de 300 millones desde el Instituto Nacional del Deporte IND para que el recinto del estadio Municipal Nelson Rojas sea remodelado, principalmente en su cancha empastada.<br \/>\nCabe se\u00f1alar que esta iniciativa fue tratada en sesi\u00f3n de concejo durante el mes de junio, ocasi\u00f3n en la cual fue rechazado el convenio que posibilitaba esta inversi\u00f3n, por cinco de los seis concejales, debido a resquemores que exist\u00edan sobre si dicho recinto era o no de propiedad del municipio, problema arrastrado desde el a\u00f1o 2018 en que durante el traspaso de la educaci\u00f3n municipalizada hacia los actuales SLEP este recinto qued\u00f3 bajo dominio de esta \u00faltima entidad.<br \/>\nEn la presente sesi\u00f3n, y luego de que el concejo se reuniera con el alcalde (s) y la directora de la Direcci\u00f3n Jur\u00eddica del municipio, adem\u00e1s de profesionales del IND, se estableci\u00f3 que la municipalidad posee el respectivo certificado del Conservador de Bienes Ra\u00edces, el cual indica que el estadio Nelson Rojas es totalmente municipal, por lo que procede la firma del convenio respectivo para que estos recursos puedan ser traspasados desde el IND e iniciar la ejecuci\u00f3n de estas obras, tentativamente durante el meses de enero o febrero del pr\u00f3ximo a\u00f1o, para que las y los deportistas de la comuna puedan contar con un recinto en perfectas condiciones para la pr\u00e1ctica del deporte.<br \/>\nEspec\u00edficamente se mejorar\u00e1 el actual estado de la cancha de pasto mediante la incorporaci\u00f3n de riego tecnificado, adem\u00e1s de la pintura de las torres de iluminaci\u00f3n y de los camarines del recinto.<\/p>\n","protected":false},"excerpt":{"rendered":"<p>Una muy buena noticia surgi\u00f3 de la \u00faltima sesi\u00f3n extraordinaria del Honorable Concejo Municipal de Vallenar, al aprobarse por la unanimidad de las y los&hellip; <\/p>\n","protected":false},"author":5,"featured_media":86018,"comment_status":"closed","ping_status":"closed","sticky":false,"template":"","format":"standard","meta":{"footnotes":""},"categories":[7],"tags":[],"class_list":["post-86017","post","type-post","status-publish","format-standard","has-post-thumbnail","hentry","category-atacama"],"_links":{"self":[{"href":"https:\/\/www.radioamigavallenar.cl\/index.php?rest_route=\/wp\/v2\/posts\/86017","targetHints":{"allow":["GET"]}}],"collection":[{"href":"https:\/\/www.radioamigavallenar.cl\/index.php?rest_route=\/wp\/v2\/posts"}],"about":[{"href":"https:\/\/www.radioamigavallenar.cl\/index.php?rest_route=\/wp\/v2\/types\/post"}],"author":[{"embeddable":true,"href":"https:\/\/www.radioamigavallenar.cl\/index.php?rest_route=\/wp\/v2\/users\/5"}],"replies":[{"embeddable":true,"href":"https:\/\/www.radioamigavallenar.cl\/index.php?rest_route=%2Fwp%2Fv2%2Fcomments&post=86017"}],"version-history":[{"count":1,"href":"https:\/\/www.radioamigavallenar.cl\/index.php?rest_route=\/wp\/v2\/posts\/86017\/revisions"}],"predecessor-version":[{"id":86019,"href":"https:\/\/www.radioamigavallenar.cl\/index.php?rest_route=\/wp\/v2\/posts\/86017\/revisions\/86019"}],"wp:featuredmedia":[{"embeddable":true,"href":"https:\/\/www.radioamigavallenar.cl\/index.php?rest_route=\/wp\/v2\/media\/86018"}],"wp:attachment":[{"href":"https:\/\/www.radioamigavallenar.cl\/index.php?rest_route=%2Fwp%2Fv2%2Fmedia&parent=86017"}],"wp:term":[{"taxonomy":"category","embeddable":true,"href":"https:\/\/www.radioamigavallenar.cl\/index.php?rest_route=%2Fwp%2Fv2%2Fcategories&post=86017"},{"taxonomy":"post_tag","embeddable":true,"href":"https:\/\/www.radioamigavallenar.cl\/index.php?rest_route=%2Fwp%2Fv2%2Ftags&post=86017"}],"curies":[{"name":"wp","href":"https:\/\/api.w.org\/{rel}","templated":true}]}}