{"id":85552,"date":"2024-10-10T00:40:38","date_gmt":"2024-10-10T03:40:38","guid":{"rendered":"https:\/\/www.radioamigavallenar.cl\/?p=85552"},"modified":"2024-10-10T00:40:38","modified_gmt":"2024-10-10T03:40:38","slug":"fiscalia-y-pdi-realizan-allanamiento-masivo-contra-crimen-organizado-en-copiapo-y-tierra-amarilla","status":"publish","type":"post","link":"https:\/\/www.radioamigavallenar.cl\/?p=85552","title":{"rendered":"Fiscal\u00eda y PDI realizan allanamiento masivo contra crimen organizado en Copiap\u00f3 y Tierra Amarilla"},"content":{"rendered":"<p>Un gran operativo en Copiap\u00f3 y Tierra Amarilla permiti\u00f3 controlar a casi 200 personas extranjeras, como parte de un golpe al crimen organizado. La intervenci\u00f3n, que incluy\u00f3 a m\u00e1s de 350 funcionarios, fue dirigida por la Fiscal\u00eda de Atacama y la PDI. Paula Barrueto, fiscal jefa (s) de las unidades Sacfi-Ecoh, explic\u00f3 que el operativo es parte de una investigaci\u00f3n de meses, destinada a combatir delitos graves como el tr\u00e1fico de drogas, homicidios y violaciones a la Ley de Control de Armas.<\/p>\n<p>El director de la Unidad Especializada de Crimen Organizado de la Fiscal\u00eda Nacional, Ignacio Castillo, destac\u00f3 la importancia del trabajo coordinado para erradicar actividades delictivas en territorios donde el Estado debe actuar para garantizar la seguridad. \u201cLa ciudadan\u00eda debe tener la tranquilidad de que el Estado est\u00e1 presente en todos los territorios\u201d, se\u00f1al\u00f3 Castillo.<\/p>\n<p>Por su parte, el delegado presidencial regional de Atacama, Rodrigo Illanes, valor\u00f3 el \u00e9xito del procedimiento y la coordinaci\u00f3n entre las instituciones. \u201cEste operativo demuestra que un Estado articulado puede hacer frente a la expansi\u00f3n del crimen organizado. La creaci\u00f3n de la primera Pol\u00edtica Nacional Contra el Crimen Organizado en nuestro gobierno es un reflejo de este compromiso\u201d, afirm\u00f3 Illanes.<\/p>\n<p>El operativo tambi\u00e9n cont\u00f3 con el apoyo de la Fiscal\u00eda Nacional y unidades policiales de distintas zonas del pa\u00eds. La intervenci\u00f3n fue recibida positivamente por la comunidad, que valor\u00f3 los esfuerzos de las instituciones para llevar seguridad a la regi\u00f3n.<\/p>\n","protected":false},"excerpt":{"rendered":"<p>Un gran operativo en Copiap\u00f3 y Tierra Amarilla permiti\u00f3 controlar a casi 200 personas extranjeras, como parte de un golpe al crimen organizado. La intervenci\u00f3n,&hellip; <\/p>\n","protected":false},"author":6,"featured_media":85553,"comment_status":"closed","ping_status":"closed","sticky":false,"template":"","format":"standard","meta":{"footnotes":""},"categories":[7],"tags":[],"class_list":["post-85552","post","type-post","status-publish","format-standard","has-post-thumbnail","hentry","category-atacama"],"_links":{"self":[{"href":"https:\/\/www.radioamigavallenar.cl\/index.php?rest_route=\/wp\/v2\/posts\/85552","targetHints":{"allow":["GET"]}}],"collection":[{"href":"https:\/\/www.radioamigavallenar.cl\/index.php?rest_route=\/wp\/v2\/posts"}],"about":[{"href":"https:\/\/www.radioamigavallenar.cl\/index.php?rest_route=\/wp\/v2\/types\/post"}],"author":[{"embeddable":true,"href":"https:\/\/www.radioamigavallenar.cl\/index.php?rest_route=\/wp\/v2\/users\/6"}],"replies":[{"embeddable":true,"href":"https:\/\/www.radioamigavallenar.cl\/index.php?rest_route=%2Fwp%2Fv2%2Fcomments&post=85552"}],"version-history":[{"count":1,"href":"https:\/\/www.radioamigavallenar.cl\/index.php?rest_route=\/wp\/v2\/posts\/85552\/revisions"}],"predecessor-version":[{"id":85554,"href":"https:\/\/www.radioamigavallenar.cl\/index.php?rest_route=\/wp\/v2\/posts\/85552\/revisions\/85554"}],"wp:featuredmedia":[{"embeddable":true,"href":"https:\/\/www.radioamigavallenar.cl\/index.php?rest_route=\/wp\/v2\/media\/85553"}],"wp:attachment":[{"href":"https:\/\/www.radioamigavallenar.cl\/index.php?rest_route=%2Fwp%2Fv2%2Fmedia&parent=85552"}],"wp:term":[{"taxonomy":"category","embeddable":true,"href":"https:\/\/www.radioamigavallenar.cl\/index.php?rest_route=%2Fwp%2Fv2%2Fcategories&post=85552"},{"taxonomy":"post_tag","embeddable":true,"href":"https:\/\/www.radioamigavallenar.cl\/index.php?rest_route=%2Fwp%2Fv2%2Ftags&post=85552"}],"curies":[{"name":"wp","href":"https:\/\/api.w.org\/{rel}","templated":true}]}}