{"id":85125,"date":"2024-09-30T00:00:47","date_gmt":"2024-09-30T03:00:47","guid":{"rendered":"https:\/\/www.radioamigavallenar.cl\/?p=85125"},"modified":"2024-09-29T23:19:03","modified_gmt":"2024-09-30T02:19:03","slug":"fiscalia-y-pdi-investigan-ataque-con-armas-de-fuego-en-discotheque-oxia","status":"publish","type":"post","link":"https:\/\/www.radioamigavallenar.cl\/?p=85125","title":{"rendered":"Fiscal\u00eda y PDI investigan ataque con armas de fuego en discotheque Oxia"},"content":{"rendered":"<div class=\"flex max-w-full flex-col flex-grow\">\n<div class=\"min-h-8 text-message flex w-full flex-col items-end gap-2 whitespace-normal break-words [.text-message+&amp;]:mt-5\" dir=\"auto\" data-message-author-role=\"assistant\" data-message-id=\"5afaa8cc-8162-4abd-813e-f398b1074ac8\">\n<div class=\"flex w-full flex-col gap-1 empty:hidden first:pt-[3px]\">\n<div class=\"markdown prose w-full break-words dark:prose-invert light\">\n<p>La Fiscal\u00eda de Atacama y la PDI est\u00e1n realizando una exhaustiva investigaci\u00f3n tras un violento ataque con armas de fuego en la discotheque Oxia de Vallenar. El incidente, ocurrido en la madrugada del s\u00e1bado, dej\u00f3 a cuatro personas heridas, una de ellas en riesgo vital. Los atacantes dispararon dentro del local y huyeron del lugar. Los equipos del ECOH y la Brigada de Homicidios trabajan en la recolecci\u00f3n de pruebas y antecedentes para esclarecer los motivos y dar con los responsables.<\/p>\n<p>De acuerdo con la informaci\u00f3n proporcionada por el fiscal Sebasti\u00e1n Coya Gonz\u00e1lez, el ataque se produjo alrededor de las 02:30 horas, momento en que los agresores irrumpieron en el local y dispararon contra los presentes. Las v\u00edctimas incluyen dos hombres de nacionalidad chilena, una mujer chilena y un hombre venezolano, todos mayores de edad. Los heridos fueron trasladados al Hospital Provincial, donde uno de ellos permanece en estado cr\u00edtico.<\/p>\n<p>El jefe de la Brigada de Homicidios de la PDI de Copiap\u00f3, subprefecto M\u00e1ximo Henr\u00edquez, confirm\u00f3 que los detectives y peritos de criminal\u00edstica est\u00e1n trabajando de manera coordinada con la Fiscal\u00eda de Atacama. Las autoridades han sido cautelosas con la informaci\u00f3n revelada, con el fin de no entorpecer la investigaci\u00f3n, aunque se ha se\u00f1alado que ya se est\u00e1n realizando avances significativos en las pesquisas.<\/p>\n<p>Las diligencias contin\u00faan y se espera que con el transcurso de las horas se obtengan m\u00e1s detalles que permitan esclarecer los motivos del ataque y capturar a los responsables.<\/p>\n<\/div>\n<\/div>\n<\/div>\n<\/div>\n","protected":false},"excerpt":{"rendered":"<p>La Fiscal\u00eda de Atacama y la PDI est\u00e1n realizando una exhaustiva investigaci\u00f3n tras un violento ataque con armas de fuego en la discotheque Oxia de&hellip; <\/p>\n","protected":false},"author":6,"featured_media":85126,"comment_status":"closed","ping_status":"closed","sticky":false,"template":"","format":"standard","meta":{"footnotes":""},"categories":[38],"tags":[],"class_list":["post-85125","post","type-post","status-publish","format-standard","has-post-thumbnail","hentry","category-portada-regional"],"_links":{"self":[{"href":"https:\/\/www.radioamigavallenar.cl\/index.php?rest_route=\/wp\/v2\/posts\/85125","targetHints":{"allow":["GET"]}}],"collection":[{"href":"https:\/\/www.radioamigavallenar.cl\/index.php?rest_route=\/wp\/v2\/posts"}],"about":[{"href":"https:\/\/www.radioamigavallenar.cl\/index.php?rest_route=\/wp\/v2\/types\/post"}],"author":[{"embeddable":true,"href":"https:\/\/www.radioamigavallenar.cl\/index.php?rest_route=\/wp\/v2\/users\/6"}],"replies":[{"embeddable":true,"href":"https:\/\/www.radioamigavallenar.cl\/index.php?rest_route=%2Fwp%2Fv2%2Fcomments&post=85125"}],"version-history":[{"count":1,"href":"https:\/\/www.radioamigavallenar.cl\/index.php?rest_route=\/wp\/v2\/posts\/85125\/revisions"}],"predecessor-version":[{"id":85127,"href":"https:\/\/www.radioamigavallenar.cl\/index.php?rest_route=\/wp\/v2\/posts\/85125\/revisions\/85127"}],"wp:featuredmedia":[{"embeddable":true,"href":"https:\/\/www.radioamigavallenar.cl\/index.php?rest_route=\/wp\/v2\/media\/85126"}],"wp:attachment":[{"href":"https:\/\/www.radioamigavallenar.cl\/index.php?rest_route=%2Fwp%2Fv2%2Fmedia&parent=85125"}],"wp:term":[{"taxonomy":"category","embeddable":true,"href":"https:\/\/www.radioamigavallenar.cl\/index.php?rest_route=%2Fwp%2Fv2%2Fcategories&post=85125"},{"taxonomy":"post_tag","embeddable":true,"href":"https:\/\/www.radioamigavallenar.cl\/index.php?rest_route=%2Fwp%2Fv2%2Ftags&post=85125"}],"curies":[{"name":"wp","href":"https:\/\/api.w.org\/{rel}","templated":true}]}}