{"id":85038,"date":"2024-09-26T12:31:15","date_gmt":"2024-09-26T15:31:15","guid":{"rendered":"https:\/\/www.radioamigavallenar.cl\/?p=85038"},"modified":"2024-09-26T12:31:15","modified_gmt":"2024-09-26T15:31:15","slug":"especialista-del-hospital-provincial-del-huasco-se-especializo-en-trastorno-del-sueno","status":"publish","type":"post","link":"https:\/\/www.radioamigavallenar.cl\/?p=85038","title":{"rendered":"Especialista del Hospital Provincial del Huasco se especializ\u00f3 en trastorno del sue\u00f1o"},"content":{"rendered":"<p>&nbsp;<\/p>\n<p>&nbsp;<\/p>\n<p><span style=\"font-weight: 400;\">El neur\u00f3logo del Hospital Provincial del Huasco (HPH), Fabrizio Mu\u00f1oz Barlaro, acaba de finalizar una Estad\u00eda de Perfeccionamiento Larga (Fellowship) en trastornos del sue\u00f1o adultos, ante lo cual el recinto hospitalario realizar\u00e1 esfuerzos para implementar con el equipamiento necesario para realizar a futuro, importantes estudios y ex\u00e1menes en el \u00e1rea del sue\u00f1o.\u00a0<\/span><\/p>\n<p><span style=\"font-weight: 400;\">\u201cEl sue\u00f1o es un tercio de la vida del paciente. Una persona deber\u00eda dormir aproximadamente 8 horas, entonces es un tercio de nuestra vida que tenemos que hacerla de calidad, no solamente de d\u00eda, sino que hacer actividad f\u00edsica y tambi\u00e9n saber c\u00f3mo dormir bien. Se ha visto que un porcentaje importante de la poblaci\u00f3n tiene enfermedades del sue\u00f1o. Estamos hablando que entre 30% y 50% de la gente sufre insomnio, un 24% de la gente sufre apnea del sue\u00f1o, entre un 6 y 8% los pacientes tienen s\u00edndrome de pierna inquieta, entonces simplemente contra enfermedades del sue\u00f1o, estamos abarcando cerca de un 82% de la poblaci\u00f3n. \u00bfY qu\u00e9 implica todo esto? Que existe un riesgo cardiovascular de morbilidad y mortalidad asociado independiente por problemas de sue\u00f1o\u201d, explic\u00f3 el neur\u00f3logo.\u00a0<\/span><\/p>\n<p><span style=\"font-weight: 400;\">Esto, significa en palabras del especialista, que los problemas del sue\u00f1o arrastran a que la gente tenga mayor predisposici\u00f3n a ser hipertensa, diab\u00e9tica, a arritmias card\u00edacas, a mayor riesgo de infarto card\u00edaco, de infarto cerebral, de demencia, de da\u00f1o renal cr\u00f3nico, entre otras cosas. \u201cEntonces, abordar esta enfermedad y este trastorno es vital un poco para la poblaci\u00f3n y deber\u00eda tratarse tanto en atenci\u00f3n primaria como en nivel secundario\u201d, explic\u00f3.\u00a0<\/span><\/p>\n<p><span style=\"font-weight: 400;\">\u201cEste es un tremendo avance para la provincia del Huasco y la regi\u00f3n. El poder enviar a uno de nuestros especialistas a estudiar lo trastornos del sue\u00f1o, pues nos permite como atenci\u00f3n de salud p\u00fablica estar a la altura de grandes centros de salud, y a la vez, fortalece el compromiso que tenemos con la salud de la provincia del Huasco\u201d, dijo el director del HPH, Juan Pablo Rojas.<\/span><\/p>\n<p><span style=\"font-weight: 400;\">M\u00fa\u00f1oz se\u00f1al\u00f3, adem\u00e1s, que \u201cse ha visto que la gente que duerme m\u00e1s tambi\u00e9n tiene mayor mortalidad, Uds. me preguntar\u00e1n \u00bfpor qu\u00e9?, y es porque se ha visto que la gente que duerme m\u00e1s, no es un dormir de calidad, y por ende, la gente que est\u00e1 durmiendo mal, requiere m\u00e1s horas para tratar de reponerse\u201d, manifest\u00f3. <\/span><\/p>\n","protected":false},"excerpt":{"rendered":"<p>&nbsp; &nbsp; El neur\u00f3logo del Hospital Provincial del Huasco (HPH), Fabrizio Mu\u00f1oz Barlaro, acaba de finalizar una Estad\u00eda de Perfeccionamiento Larga (Fellowship) en trastornos del&hellip; <\/p>\n","protected":false},"author":5,"featured_media":85039,"comment_status":"closed","ping_status":"closed","sticky":false,"template":"","format":"standard","meta":{"footnotes":""},"categories":[38],"tags":[],"class_list":["post-85038","post","type-post","status-publish","format-standard","has-post-thumbnail","hentry","category-portada-regional"],"_links":{"self":[{"href":"https:\/\/www.radioamigavallenar.cl\/index.php?rest_route=\/wp\/v2\/posts\/85038","targetHints":{"allow":["GET"]}}],"collection":[{"href":"https:\/\/www.radioamigavallenar.cl\/index.php?rest_route=\/wp\/v2\/posts"}],"about":[{"href":"https:\/\/www.radioamigavallenar.cl\/index.php?rest_route=\/wp\/v2\/types\/post"}],"author":[{"embeddable":true,"href":"https:\/\/www.radioamigavallenar.cl\/index.php?rest_route=\/wp\/v2\/users\/5"}],"replies":[{"embeddable":true,"href":"https:\/\/www.radioamigavallenar.cl\/index.php?rest_route=%2Fwp%2Fv2%2Fcomments&post=85038"}],"version-history":[{"count":1,"href":"https:\/\/www.radioamigavallenar.cl\/index.php?rest_route=\/wp\/v2\/posts\/85038\/revisions"}],"predecessor-version":[{"id":85040,"href":"https:\/\/www.radioamigavallenar.cl\/index.php?rest_route=\/wp\/v2\/posts\/85038\/revisions\/85040"}],"wp:featuredmedia":[{"embeddable":true,"href":"https:\/\/www.radioamigavallenar.cl\/index.php?rest_route=\/wp\/v2\/media\/85039"}],"wp:attachment":[{"href":"https:\/\/www.radioamigavallenar.cl\/index.php?rest_route=%2Fwp%2Fv2%2Fmedia&parent=85038"}],"wp:term":[{"taxonomy":"category","embeddable":true,"href":"https:\/\/www.radioamigavallenar.cl\/index.php?rest_route=%2Fwp%2Fv2%2Fcategories&post=85038"},{"taxonomy":"post_tag","embeddable":true,"href":"https:\/\/www.radioamigavallenar.cl\/index.php?rest_route=%2Fwp%2Fv2%2Ftags&post=85038"}],"curies":[{"name":"wp","href":"https:\/\/api.w.org\/{rel}","templated":true}]}}