{"id":84859,"date":"2024-09-17T10:08:35","date_gmt":"2024-09-17T13:08:35","guid":{"rendered":"https:\/\/www.radioamigavallenar.cl\/?p=84859"},"modified":"2024-09-17T10:08:35","modified_gmt":"2024-09-17T13:08:35","slug":"avances-en-el-enfoque-de-genero-en-contexto-carcelario","status":"publish","type":"post","link":"https:\/\/www.radioamigavallenar.cl\/?p=84859","title":{"rendered":"Avances en el enfoque de g\u00e9nero en contexto carcelario"},"content":{"rendered":"<p>&nbsp;<\/p>\n<p><span style=\"font-weight: 400;\">Desde la regi\u00f3n de Atacama hemos realizado un importante trabajo interinstitucional para dar respuesta a los requerimientos y necesidades de las mujeres privadas de libertad, grupo invisibilizado por d\u00e9cadas en las distintas esferas de la sociedad y particularmente, pese a los esfuerzos institucionales de Gendarmer\u00eda de Chile, en contexto penitenciario, pues inicialmente las c\u00e1rceles fueron creadas y dise\u00f1adas para atender a la poblaci\u00f3n masculina.<\/span><\/p>\n<p><span style=\"font-weight: 400;\">Desde nuestro Gobierno sabemos que en contexto de encierro se amplifican las dificultades para las mujeres, sobre todo aquellas m\u00e1s b\u00e1sicas y ligadas a procesos vitales como menstruar, gestar y\/o maternar. De esta manera, poder realizar actividades tan naturales como acceder libremente a servicios higi\u00e9nicos durante las 24 horas del d\u00eda, exposici\u00f3n a la luz solar (fuente de vitamina D tan necesaria sobre todo durante el embarazo), controles en materias de salud reproductiva, entre otras prestaciones se ven limitadas por la condici\u00f3n de encierro, las que se agudizan a\u00fan m\u00e1s en recintos penitenciarios de antigua data, con poca disponibilidad de espacios y una permanente sobrepoblaci\u00f3n.<\/span><\/p>\n<p><span style=\"font-weight: 400;\">Precisamente por las situaciones antes descritas, se ha vuelto cada vez m\u00e1s imprescindible\u00a0 incorporar la perspectiva, enfoque y transversalizaci\u00f3n de g\u00e9nero a la especial condici\u00f3n que representan las mujeres al interior de los recintos penales. En este cometido el Gobierno del Presidente Gabriel Boric a trav\u00e9s del Ministerio de Justicia y Derechos Humanos durante el a\u00f1o 2023 present\u00f3 el \u201cPlan de trabajo: Condiciones carcelarias de mujeres privadas de libertad\u201d, documento que contiene acciones y medidas que se encuentran en implementaci\u00f3n para atender las condiciones carcelarias de mujeres y grupos de especial protecci\u00f3n.<\/span><\/p>\n<p><span style=\"font-weight: 400;\">Este plan aborda de manera prioritaria las condiciones carcelarias de las mujeres privadas de libertad, desarrollando acciones en cinco ejes: condiciones de habitabilidad e infraestructura: atenci\u00f3n de salud integral, las prestaciones de reinserci\u00f3n social y procedimientos penitenciarios, sumando a los grupos de especial consideraci\u00f3n, como mujeres de la tercera edad, mujeres extranjeras, mujeres embarazadas y aquellas que conviven con sus hijos o hijas menores de dos a\u00f1os en los establecimientos penales del pa\u00eds, mujeres ind\u00edgenas y mujeres en situaci\u00f3n de discapacidad.<\/span><\/p>\n<p><span style=\"font-weight: 400;\">A un a\u00f1o de su puesta en marcha, el Ministerio de Justicia y DD.HH realiz\u00f3 el encuentro \u201cAvances y perspectivas: mejorando las condiciones de las mujeres privadas de libertad en Chile\u201d para dar a conocer los avances en la implementaci\u00f3n medidas de dicho plan, y adem\u00e1s, entregar los resultados del estudio \u201cTrayectorias de vida de mujeres privadas de libertad por delitos de la Ley N\u00b020.000\u201d, el cual fue ejecutado con recursos del Fondo de Igualdad del Ministerio de la Mujer y Equidad de G\u00e9nero. El estudio, a cargo de la Universidad Cat\u00f3lica de Chile tuvo como objetivo principal, identificar y caracterizar a trav\u00e9s de las experiencias biogr\u00e1ficas de las mujeres privadas de libertad, los factores que inciden en la ruta a cometer delitos de la Ley N\u00b020.000.<\/span><\/p>\n<p><span style=\"font-weight: 400;\">Contar con un estudio actualizado sobre la realidad de la poblaci\u00f3n penitenciaria femenina en Chile, es un significativo avance para intencionar el trabajo desde el Estado en las materias antes se\u00f1aladas, con el objetivo de impactar en los procesos de reinserci\u00f3n social de las mujeres que cumplen condenas, y que son mayoritariamente el pilar fundamental de sus familias.<\/span><\/p>\n<p><span style=\"font-weight: 400;\">En Atacama desde las secretar\u00edas regionales ministeriales de la Mujer y la Equidad de G\u00e9nero, y de Justicia y Derechos Humanos, hemos articulado una mesa intersectorial para atender las particularidades de la poblaci\u00f3n penal femenina. Durante este a\u00f1o concretamos importantes avances para facilitar el acceso a la justicia, atenciones de salud, capacitaci\u00f3n y empleo, efectuando una coordinaci\u00f3n con la Seremi de Salud, Sernameg, Sence, la Corporaci\u00f3n de Asistencia Judicial, entre otros servicios que nos han facilitado la realizaci\u00f3n de acciones concretas para brindar un mayor acompa\u00f1amiento a las mujeres.<\/span><\/p>\n<p><span style=\"font-weight: 400;\">Entre las acciones destacan la alianza con la empresa Gold Fields, que nos permiti\u00f3 entregar kit de autoexamen de mamas a internas que permanecen en las unidades penales de Copiap\u00f3 y Vallenar, facilitando la detecci\u00f3n temprana del c\u00e1ncer de mama a trav\u00e9s de la sensibilizaci\u00f3n sobre esta patolog\u00eda y recomendaciones para la prevenci\u00f3n y el auto cuidado.<\/span><\/p>\n<p><span style=\"font-weight: 400;\">Otra importante acci\u00f3n ha sido la desarrollada por Sence Atacama, quienes gestionaron una alianza estrat\u00e9gica con Atacama Kozan que permitir\u00e1 la capacitaci\u00f3n y certificaci\u00f3n de 15 mujeres como instaladoras el\u00e9ctricas calificadas, y contar con cupos para la inclusi\u00f3n laboral de quienes egresen al medio libre. Esta apuesta p\u00fablico-privada posibilita continuar avanzando en la reinserci\u00f3n social y laboral de las mujeres que han sido condenadas por la comisi\u00f3n de alg\u00fan delito, pero que est\u00e1n saldando su deuda con la sociedad y quieren dejar atr\u00e1s el circuito delictual.<\/span><\/p>\n<p><span style=\"font-weight: 400;\">Con especial atenci\u00f3n junto a Gendarmer\u00eda de Chile y otras instituciones p\u00fablicas, hemos seguido las condiciones de las mujeres gestantes y de aquellas que son madres de hijos e hijas lactantes y se encuentran privadas de libertad. Destacamos en este cometido la labor desarrollada por la Defensor\u00eda Penal P\u00fablica en la b\u00fasqueda de alternativas de cumplimento de condenas durante este per\u00edodo de desarrollo vital para ellas y sus hijos, pues si bien han cometido un delito, siempre es necesario resguardar los derechos fundamentales de la primera infancia.<\/span><\/p>\n<p>&nbsp;<\/p>\n","protected":false},"excerpt":{"rendered":"<p>&nbsp; Desde la regi\u00f3n de Atacama hemos realizado un importante trabajo interinstitucional para dar respuesta a los requerimientos y necesidades de las mujeres privadas de&hellip; <\/p>\n","protected":false},"author":5,"featured_media":84860,"comment_status":"closed","ping_status":"closed","sticky":false,"template":"","format":"standard","meta":{"footnotes":""},"categories":[7],"tags":[],"class_list":["post-84859","post","type-post","status-publish","format-standard","has-post-thumbnail","hentry","category-atacama"],"_links":{"self":[{"href":"https:\/\/www.radioamigavallenar.cl\/index.php?rest_route=\/wp\/v2\/posts\/84859","targetHints":{"allow":["GET"]}}],"collection":[{"href":"https:\/\/www.radioamigavallenar.cl\/index.php?rest_route=\/wp\/v2\/posts"}],"about":[{"href":"https:\/\/www.radioamigavallenar.cl\/index.php?rest_route=\/wp\/v2\/types\/post"}],"author":[{"embeddable":true,"href":"https:\/\/www.radioamigavallenar.cl\/index.php?rest_route=\/wp\/v2\/users\/5"}],"replies":[{"embeddable":true,"href":"https:\/\/www.radioamigavallenar.cl\/index.php?rest_route=%2Fwp%2Fv2%2Fcomments&post=84859"}],"version-history":[{"count":1,"href":"https:\/\/www.radioamigavallenar.cl\/index.php?rest_route=\/wp\/v2\/posts\/84859\/revisions"}],"predecessor-version":[{"id":84861,"href":"https:\/\/www.radioamigavallenar.cl\/index.php?rest_route=\/wp\/v2\/posts\/84859\/revisions\/84861"}],"wp:featuredmedia":[{"embeddable":true,"href":"https:\/\/www.radioamigavallenar.cl\/index.php?rest_route=\/wp\/v2\/media\/84860"}],"wp:attachment":[{"href":"https:\/\/www.radioamigavallenar.cl\/index.php?rest_route=%2Fwp%2Fv2%2Fmedia&parent=84859"}],"wp:term":[{"taxonomy":"category","embeddable":true,"href":"https:\/\/www.radioamigavallenar.cl\/index.php?rest_route=%2Fwp%2Fv2%2Fcategories&post=84859"},{"taxonomy":"post_tag","embeddable":true,"href":"https:\/\/www.radioamigavallenar.cl\/index.php?rest_route=%2Fwp%2Fv2%2Ftags&post=84859"}],"curies":[{"name":"wp","href":"https:\/\/api.w.org\/{rel}","templated":true}]}}