{"id":84842,"date":"2024-09-16T01:16:16","date_gmt":"2024-09-16T04:16:16","guid":{"rendered":"https:\/\/www.radioamigavallenar.cl\/?p=84842"},"modified":"2024-09-16T01:16:16","modified_gmt":"2024-09-16T04:16:16","slug":"con-masiva-fiesta-ciudadana-entregan-edificio-del-nuevo-museo-regional-de-atacama-al-ministerio-de-las-culturas","status":"publish","type":"post","link":"https:\/\/www.radioamigavallenar.cl\/?p=84842","title":{"rendered":"Con masiva fiesta ciudadana entregan edificio del nuevo Museo Regional de Atacama al Ministerio de las Culturas"},"content":{"rendered":"<p>&nbsp;<\/p>\n<p><b><i><\/i><\/b><\/p>\n<ul>\n<li aria-level=\"1\"><b><i>A partir de ahora, la obra est\u00e1 en condiciones de dar paso a la instalaci\u00f3n de la colecci\u00f3n y guion museogr\u00e1fico, que estar\u00e1 a cargo del Servicio Nacional de Patrimonio Cultural. Proceso que tendr\u00e1 una duraci\u00f3n de al menos un a\u00f1o. La ceremonia estuvo encabezada por el Gobernador de Atacama, Miguel Vargas, la ministra de las Culturas, Carolina Arredondo, y la ministra de Obras P\u00fablicas, Jessica L\u00f3pez.<\/i><\/b><\/li>\n<\/ul>\n<p><b><i><\/i><\/b><\/p>\n<p><span style=\"font-weight: 400;\">M\u00e1s de 200 personas, entre autoridades, artistas, gestores y la comunidad dieron vida a la esperada entrega a explotaci\u00f3n del flamante edificio que albergar\u00e1 al nuevo Museo Regional de Atacama. Obra de m\u00e1s de seis mil metros cuadrados y una moderna arquitectura a cargo de la oficina de Max N\u00fa\u00f1ez y Stefano Rolla, quienes se adjudicaron el dise\u00f1o cuyas obras estuvieron a cargo de la Direcci\u00f3n de Arquitectura del MOP. Con este hito, el inmueble est\u00e1 en condiciones de dar paso a la instalaci\u00f3n de su colecci\u00f3n y guion museogr\u00e1fico en un plazo de un a\u00f1o.\u00a0<\/span><\/p>\n<p>&nbsp;<\/p>\n<p><span style=\"font-weight: 400;\">La ceremonia fue encabezada por el Gobernador de Atacama, Miguel Cargas Correa, la ministra de las Culturas, las Artes y el Patrimonio, Carolina Arredondo Marz\u00e1n, y la ministra de Obras P\u00fablicas, Jessica L\u00f3pez Saffie. Tambi\u00e9n estuvieron presentes parlamentarios y parlamentarias de Atacama, la subsecretaria del\u00a0Patrimonio Cultural, Carolina Perez Dattari, la directora nacional del Servicio del Patrimonio Cultural, N\u00e9lida Pozo Kudo, la directora nacional de Arquitectura, Loreto Wahr Rivas, autoridades regionales y representantes de organizaciones culturales y organizaciones vecinales, especialmente del sector.<\/span><\/p>\n<p>&nbsp;<\/p>\n<p><span style=\"font-weight: 400;\">\u201cSon m\u00e1s de 6.000 metros cuadrados que van a dotar de una infraestructura patrimonial no solamente a la regi\u00f3n, sino que genera un hito a nivel nacional, pero adem\u00e1s una infraestructura que es \u00fanica tambi\u00e9n a nivel latinoamericano, y eso es algo que la Regi\u00f3n de Atacama, sus vecinos, sus vecinas, podr\u00e1n valorar. Hicimos este hito de entrega a explotaci\u00f3n; para que desde el Servicio del Patrimonio podamos desarrollar e implementar el guion museogr\u00e1fico, definir cu\u00e1l va a ser la colecci\u00f3n permanente, porque tenemos que trasladarnos desde el actual Museo Regional a lo que va a ser este nuevo maravilloso edificio y esperamos, en el m\u00e1s corto plazo, poder abrir las puertas para la ciudadan\u00eda, para el p\u00fablico, para que la comunidad y tambi\u00e9n quienes visitan la regi\u00f3n, puedan conocer el nuevo Museo Regional de Atacama\u201d, destac\u00f3 la titular de Culturas.<\/span><\/p>\n<p>&nbsp;<\/p>\n<p><span style=\"font-weight: 400;\">La edificaci\u00f3n signific\u00f3 una inversi\u00f3n de 11 mil millones de pesos del presupuesto del Gobierno Regional de Atacama, la que fue aprobada por el Consejo Regional, considerando una propuesta arquitect\u00f3nica \u00fanica, moderna e integrada, con espacios flexibles distribuidos en tres niveles superiores y dos subterr\u00e1neos. Sus materiales se caracterizan por el uso intensivo de hormig\u00f3n arquitect\u00f3nico pigmentado, pavimentos de hormig\u00f3n pulido y una fachada ventilada transl\u00facida de arcilla, con una geometr\u00eda irregular que mantiene la tradici\u00f3n arquitect\u00f3nica colonial de la ciudad.<\/span><\/p>\n<p>&nbsp;<\/p>\n<p><span style=\"font-weight: 400;\">El Gobernador de Atacama, Miguel Vargas Correa, asever\u00f3: \u201ceste hito se trata del t\u00e9rmino de la obra. Del cemento, la infraestructura, pero tambi\u00e9n es el t\u00e9rmino de una etapa. Lo que queremos es que el museo est\u00e9 al servicio de la comunidad, porque un museo nos ayuda tambi\u00e9n en una tarea superior, que es poner en valor nuestra identidad, nuestro patrimonio, el que para ponerlo en valor tenemos que conocerlo\u201d. La primera autoridad de la regi\u00f3n destac\u00f3 el gran respaldo al proyecto, \u201cun gran apoyo, un trabajo interinstitucional muy importante para sacar adelante esta obra, y esto tambi\u00e9n demuestra algo fundamental, que si no trabajamos colectivamente, si no trabajamos en unidad, si no fortalecemos estos v\u00ednculos que tienen que existir para sacar adelante las grandes tareas, los territorios no avanzan. Y aqu\u00ed hay un ejemplo de la importancia que tiene ese trabajo colectivo\u201d.<\/span><\/p>\n<p>&nbsp;<\/p>\n<p><b>GUION MUSEOGR\u00c1FICO<\/b><\/p>\n<p>&nbsp;<\/p>\n<p><span style=\"font-weight: 400;\">Este proyecto tuvo una primera etapa de diagn\u00f3stico donde se realiz\u00f3 una investigaci\u00f3n y m\u00e1s de 200 entrevistas a expertos\/as y representantes de las distintas expresiones culturales y patrimoniales de la regi\u00f3n. Paralelamente se llev\u00f3 a cabo un exhaustivo trabajo a partir de las colecciones que ser\u00e1n el coraz\u00f3n de la muestra. Considera una inversi\u00f3n de m\u00e1s de tres mil millones de pesos por parte del Ministerio de las Culturas, a trav\u00e9s del Servicio del Patrimonio Cultural.\u00a0<\/span><\/p>\n<p>&nbsp;<\/p>\n<p><span style=\"font-weight: 400;\">En el relato las colecciones ser\u00e1n protagonistas, con 2000 objetos en exhibici\u00f3n, adem\u00e1s de gr\u00e1ficas, recursos interactivos, tecnolog\u00edas audiovisuales e inmersivas, entre otros. Se considera la conservaci\u00f3n y exhibici\u00f3n de colecciones de historia, arte, ciencias, entre otras, que resguarda el actual museo regional. Adem\u00e1s, incorporar\u00e1 \u00e1reas para la exposici\u00f3n permanente de historia natural, paleontolog\u00eda, arqueolog\u00eda, historia de Atacama y Miner\u00eda, y \u00e1reas para exposiciones temporales, laboratorios y dep\u00f3sitos. Tambi\u00e9n se incorporan al dise\u00f1o una sala de convenciones, biblioteca y hemeroteca, y servicios complementarios, oficinas administrativas, bodegaje y estacionamientos.<\/span><\/p>\n<p><span style=\"font-weight: 400;\">As\u00ed, la nueva exhibici\u00f3n se propone como una expedici\u00f3n por la Regi\u00f3n de Atacama, que invita a descubrir los fen\u00f3menos naturales, hist\u00f3ricos y culturales que dieron forma al territorio y sus habitantes, relevando las tramas que permiten comprender el pasado, presente y proyectar el futuro.\u00a0<\/span><\/p>\n<p>&nbsp;<\/p>\n<p><span style=\"font-weight: 400;\">\u00a0<\/span><\/p>\n","protected":false},"excerpt":{"rendered":"<p>&nbsp; A partir de ahora, la obra est\u00e1 en condiciones de dar paso a la instalaci\u00f3n de la colecci\u00f3n y guion museogr\u00e1fico, que estar\u00e1 a&hellip; <\/p>\n","protected":false},"author":5,"featured_media":84843,"comment_status":"closed","ping_status":"closed","sticky":false,"template":"","format":"standard","meta":{"footnotes":""},"categories":[7],"tags":[],"class_list":["post-84842","post","type-post","status-publish","format-standard","has-post-thumbnail","hentry","category-atacama"],"_links":{"self":[{"href":"https:\/\/www.radioamigavallenar.cl\/index.php?rest_route=\/wp\/v2\/posts\/84842","targetHints":{"allow":["GET"]}}],"collection":[{"href":"https:\/\/www.radioamigavallenar.cl\/index.php?rest_route=\/wp\/v2\/posts"}],"about":[{"href":"https:\/\/www.radioamigavallenar.cl\/index.php?rest_route=\/wp\/v2\/types\/post"}],"author":[{"embeddable":true,"href":"https:\/\/www.radioamigavallenar.cl\/index.php?rest_route=\/wp\/v2\/users\/5"}],"replies":[{"embeddable":true,"href":"https:\/\/www.radioamigavallenar.cl\/index.php?rest_route=%2Fwp%2Fv2%2Fcomments&post=84842"}],"version-history":[{"count":1,"href":"https:\/\/www.radioamigavallenar.cl\/index.php?rest_route=\/wp\/v2\/posts\/84842\/revisions"}],"predecessor-version":[{"id":84844,"href":"https:\/\/www.radioamigavallenar.cl\/index.php?rest_route=\/wp\/v2\/posts\/84842\/revisions\/84844"}],"wp:featuredmedia":[{"embeddable":true,"href":"https:\/\/www.radioamigavallenar.cl\/index.php?rest_route=\/wp\/v2\/media\/84843"}],"wp:attachment":[{"href":"https:\/\/www.radioamigavallenar.cl\/index.php?rest_route=%2Fwp%2Fv2%2Fmedia&parent=84842"}],"wp:term":[{"taxonomy":"category","embeddable":true,"href":"https:\/\/www.radioamigavallenar.cl\/index.php?rest_route=%2Fwp%2Fv2%2Fcategories&post=84842"},{"taxonomy":"post_tag","embeddable":true,"href":"https:\/\/www.radioamigavallenar.cl\/index.php?rest_route=%2Fwp%2Fv2%2Ftags&post=84842"}],"curies":[{"name":"wp","href":"https:\/\/api.w.org\/{rel}","templated":true}]}}