{"id":84839,"date":"2024-09-16T00:48:55","date_gmt":"2024-09-16T03:48:55","guid":{"rendered":"https:\/\/www.radioamigavallenar.cl\/?p=84839"},"modified":"2024-09-16T00:50:09","modified_gmt":"2024-09-16T03:50:09","slug":"ministra-lopez-anuncia-el-llamado-a-licitacion-de-la-nueva-ruta-5-en-el-tramo-caldera-antofagasta","status":"publish","type":"post","link":"https:\/\/www.radioamigavallenar.cl\/?p=84839","title":{"rendered":"Ministra L\u00f3pez anuncia el llamado a licitaci\u00f3n de la nueva Ruta 5 en el  tramo Caldera-Antofagasta"},"content":{"rendered":"<p>&nbsp;<\/p>\n<p>\u25cf El proyecto contempla una inversi\u00f3n de 930 millones de d\u00f3lares y consiste principalmente<br \/>\nen la ampliaci\u00f3n a doble calzada de la ruta en 466 km aproximadamente, adem\u00e1s del<br \/>\nmejoramiento y construcci\u00f3n de distintas iniciativas a lo largo de la obra.<\/p>\n<p>Dentro de la visita de la ministra de Obras<br \/>\nP\u00fablicas, Jessica L\u00f3pez, a la Regi\u00f3n de Atacama, destac\u00f3 el anuncio sobre el anhelado<br \/>\nproyecto que elevar\u00e1 el est\u00e1ndar de la conectividad en el norte del pa\u00eds. El presidente de<br \/>\nla Rep\u00fablica, Gabriel Boric, firm\u00f3 la licitaci\u00f3n para la ampliaci\u00f3n a doble calzada del tramo<br \/>\nde Ruta 5 que conecta Antofagasta con Caldera.<\/p>\n<p>Esto permitir\u00e1 elevar el est\u00e1ndar de un tramo de 466 km de esa v\u00eda, desde el norte de la<br \/>\ncomuna de Caldera, hasta el sector \u201cLa Negra\u201d en la comuna de Antofagasta. Esto incluye<br \/>\nla actualizaci\u00f3n de la seguridad vial y se\u00f1alizaci\u00f3n de la ruta, mejoramiento de accesos a la<br \/>\nruta, tratamiento de taludes, la ampliaci\u00f3n a doble calzada de dos pistas por sentido, la<br \/>\ninclusi\u00f3n de nuevos puentes, enlaces, pasarelas, retornos, paraderos, aceras peatonales y<br \/>\nobras de iluminaci\u00f3n y paisajismo.<\/p>\n<p>En ese contexto, la titular del MOP inform\u00f3 que \u201ceste decreto nos permite llamar a la<br \/>\nlicitaci\u00f3n de la Ruta 5 en el tramo Caldera-Antofagasta, un tramo de 466 kil\u00f3metros, el<br \/>\nm\u00e1s grande que tenemos, y que es esperado no s\u00f3lo por toda la poblaci\u00f3n local, sino<br \/>\ntambi\u00e9n por toda la industria minera, que se merece una ruta de doble v\u00eda, de alto<br \/>\nest\u00e1ndar, con 5 puentes nuevos, 5 enlaces para subir y bajar, alrededor de 40 pasarelas y<br \/>\nretornos. Una autopista de alto nivel para el norte de Chile\u201d.<\/p>\n<p>Por su parte, la alcaldesa de Caldera, Brunilda Gonz\u00e1lez, destac\u00f3 el anuncio: \u201cLas buenas<br \/>\nnoticias contin\u00faan de la voz de nuestra ministra de Obras P\u00fablicas, representando al<br \/>\ngobierno del Presidente Gabriel Boric. En octubre se inicia la licitaci\u00f3n de esta doble v\u00eda,<br \/>\ndonde Caldera iniciaba la doble v\u00eda hacia el sur y ahora la va a iniciar hacia el norte. 900<br \/>\nmillones de d\u00f3lares de inversi\u00f3n de este Gobierno, con la que podremos conectarnos en<br \/>\nlo que es la miner\u00eda, pero tambi\u00e9n en el turismo, y eso nos trae una especial alegr\u00eda a<br \/>\nAtacama y a Caldera\u201d.<\/p>\n<p>Descripci\u00f3n del proyecto<br \/>\nEl proyecto contempla una extensi\u00f3n de 466 km (desde el norte de la comuna de Caldera,<br \/>\nhasta el sector \u201cLa Negra\u201d en la comuna de Antofagasta). Consiste, en t\u00e9rminos generales,<\/p>\n<p>en la ampliaci\u00f3n a doble calzada de la Ruta 5, adem\u00e1s del mejoramiento, construcci\u00f3n,<br \/>\nmantenci\u00f3n y explotaci\u00f3n de las obras preexistentes.<\/p>\n<p>Asimismo, se consideran 4 \u00e1reas de servicios generales para potenciar zonas de inter\u00e9s<br \/>\nterritorial y 48 retornos a nivel, 21 pasarelas y circuitos peatonales. Los enlaces ser\u00e1n en<br \/>\nFlamenco, comuna de Cha\u00f1aral \/ Taltal Sur, comuna de Taltal \/ Taltal Norte, comuna de<br \/>\nAntofagasta. Los puentes nuevos ser\u00e1n los de Puente Pan de Az\u00facar (2 puentes), Puente<br \/>\nRuta 5 R\u00edo Salado y Puente barrio Nuevo (R\u00edo Salado).<\/p>\n","protected":false},"excerpt":{"rendered":"<p>&nbsp; \u25cf El proyecto contempla una inversi\u00f3n de 930 millones de d\u00f3lares y consiste principalmente en la ampliaci\u00f3n a doble calzada de la ruta en&hellip; <\/p>\n","protected":false},"author":5,"featured_media":84841,"comment_status":"closed","ping_status":"closed","sticky":false,"template":"","format":"standard","meta":{"footnotes":""},"categories":[7],"tags":[],"class_list":["post-84839","post","type-post","status-publish","format-standard","has-post-thumbnail","hentry","category-atacama"],"_links":{"self":[{"href":"https:\/\/www.radioamigavallenar.cl\/index.php?rest_route=\/wp\/v2\/posts\/84839","targetHints":{"allow":["GET"]}}],"collection":[{"href":"https:\/\/www.radioamigavallenar.cl\/index.php?rest_route=\/wp\/v2\/posts"}],"about":[{"href":"https:\/\/www.radioamigavallenar.cl\/index.php?rest_route=\/wp\/v2\/types\/post"}],"author":[{"embeddable":true,"href":"https:\/\/www.radioamigavallenar.cl\/index.php?rest_route=\/wp\/v2\/users\/5"}],"replies":[{"embeddable":true,"href":"https:\/\/www.radioamigavallenar.cl\/index.php?rest_route=%2Fwp%2Fv2%2Fcomments&post=84839"}],"version-history":[{"count":1,"href":"https:\/\/www.radioamigavallenar.cl\/index.php?rest_route=\/wp\/v2\/posts\/84839\/revisions"}],"predecessor-version":[{"id":84840,"href":"https:\/\/www.radioamigavallenar.cl\/index.php?rest_route=\/wp\/v2\/posts\/84839\/revisions\/84840"}],"wp:featuredmedia":[{"embeddable":true,"href":"https:\/\/www.radioamigavallenar.cl\/index.php?rest_route=\/wp\/v2\/media\/84841"}],"wp:attachment":[{"href":"https:\/\/www.radioamigavallenar.cl\/index.php?rest_route=%2Fwp%2Fv2%2Fmedia&parent=84839"}],"wp:term":[{"taxonomy":"category","embeddable":true,"href":"https:\/\/www.radioamigavallenar.cl\/index.php?rest_route=%2Fwp%2Fv2%2Fcategories&post=84839"},{"taxonomy":"post_tag","embeddable":true,"href":"https:\/\/www.radioamigavallenar.cl\/index.php?rest_route=%2Fwp%2Fv2%2Ftags&post=84839"}],"curies":[{"name":"wp","href":"https:\/\/api.w.org\/{rel}","templated":true}]}}