{"id":84830,"date":"2024-09-16T00:15:14","date_gmt":"2024-09-16T03:15:14","guid":{"rendered":"https:\/\/www.radioamigavallenar.cl\/?p=84830"},"modified":"2024-09-16T00:15:14","modified_gmt":"2024-09-16T03:15:14","slug":"delegada-presidencial-karina-zarate-revela-la-importancia-de-tomar-conciencia-en-estas-fiestas-patrias","status":"publish","type":"post","link":"https:\/\/www.radioamigavallenar.cl\/?p=84830","title":{"rendered":"Delegada Presidencial, Karina Zarate revela la importancia de tomar conciencia en estas fiestas patrias"},"content":{"rendered":"<p>Un llamado al autocuidado y a la responsabilidad de todos en estas Fiestas Patrias.<br \/>\nDelegada Presidencial Provincial Karina Zarate refuerza el llamado del gobierno por un 18 seguro y se\u00f1ala servicios de fiscalizaci\u00f3n y control en todos los sectores<\/p>\n<p>La importancia que el gobierno le ha asignado al plan de acci\u00f3n destinado a crear conciencia a difundir y a promover las pol\u00edticas de gobierno y las principales acciones que en materia de seguridad p\u00fablica ha instruido para estas fiestas patrias, en todo el territorio nacional.<br \/>\nEn tal sentido se releva el despliegue por parte de Carabineros en todo el territorio de la provincia fortaleciendo el accionar preventivo, el control y fiscalizaci\u00f3n en todos los sectores, con un solo y gran objetivo llevar a cabo en todos los sectores la campa\u00f1a nacional que ha impulsado el Gobierno, \u201cUnidos por un 18 m\u00e1s seguro\u201d, que busca concientizar sobre la importancia de celebrar de manera responsable \u00e9stas fiestas.<\/p>\n<p>Esta semana se han iniciado servicios de control y fiscalizaci\u00f3n en materia de seguridad de tr\u00e1nsito, fiscalizaci\u00f3n sanitaria, tanto en el sector urbano como en el sector rural y principalmente en las rutas y caminos que unen y conectan a nuestra provincia.<\/p>\n<p>En la gr\u00e1fica se observa el trabajo que se ha estado desarrollando en la ruita 5 con la participaci\u00f3n, en este caso, de carabineros del Reten de Carabineros de Domeyko, Sernapesca, profesionales del departamento de Acci\u00f3n Sanitaria de la Seremi de Salud en la provincia de Huasco, adem\u00e1s del Encargado de Seguridad de la DPP Huasco.<\/p>\n","protected":false},"excerpt":{"rendered":"<p>Un llamado al autocuidado y a la responsabilidad de todos en estas Fiestas Patrias. Delegada Presidencial Provincial Karina Zarate refuerza el llamado del gobierno por&hellip; <\/p>\n","protected":false},"author":5,"featured_media":84831,"comment_status":"closed","ping_status":"closed","sticky":false,"template":"","format":"standard","meta":{"footnotes":""},"categories":[7],"tags":[],"class_list":["post-84830","post","type-post","status-publish","format-standard","has-post-thumbnail","hentry","category-atacama"],"_links":{"self":[{"href":"https:\/\/www.radioamigavallenar.cl\/index.php?rest_route=\/wp\/v2\/posts\/84830","targetHints":{"allow":["GET"]}}],"collection":[{"href":"https:\/\/www.radioamigavallenar.cl\/index.php?rest_route=\/wp\/v2\/posts"}],"about":[{"href":"https:\/\/www.radioamigavallenar.cl\/index.php?rest_route=\/wp\/v2\/types\/post"}],"author":[{"embeddable":true,"href":"https:\/\/www.radioamigavallenar.cl\/index.php?rest_route=\/wp\/v2\/users\/5"}],"replies":[{"embeddable":true,"href":"https:\/\/www.radioamigavallenar.cl\/index.php?rest_route=%2Fwp%2Fv2%2Fcomments&post=84830"}],"version-history":[{"count":1,"href":"https:\/\/www.radioamigavallenar.cl\/index.php?rest_route=\/wp\/v2\/posts\/84830\/revisions"}],"predecessor-version":[{"id":84832,"href":"https:\/\/www.radioamigavallenar.cl\/index.php?rest_route=\/wp\/v2\/posts\/84830\/revisions\/84832"}],"wp:featuredmedia":[{"embeddable":true,"href":"https:\/\/www.radioamigavallenar.cl\/index.php?rest_route=\/wp\/v2\/media\/84831"}],"wp:attachment":[{"href":"https:\/\/www.radioamigavallenar.cl\/index.php?rest_route=%2Fwp%2Fv2%2Fmedia&parent=84830"}],"wp:term":[{"taxonomy":"category","embeddable":true,"href":"https:\/\/www.radioamigavallenar.cl\/index.php?rest_route=%2Fwp%2Fv2%2Fcategories&post=84830"},{"taxonomy":"post_tag","embeddable":true,"href":"https:\/\/www.radioamigavallenar.cl\/index.php?rest_route=%2Fwp%2Fv2%2Ftags&post=84830"}],"curies":[{"name":"wp","href":"https:\/\/api.w.org\/{rel}","templated":true}]}}