{"id":84589,"date":"2024-09-06T00:09:08","date_gmt":"2024-09-06T03:09:08","guid":{"rendered":"https:\/\/www.radioamigavallenar.cl\/?p=84589"},"modified":"2024-09-05T22:27:10","modified_gmt":"2024-09-06T01:27:10","slug":"alcalde-armando-flores-pide-atencion-especial-para-comunas-pequenas-en-crisis-migratoria-tras-reunion-en-la-moneda","status":"publish","type":"post","link":"https:\/\/www.radioamigavallenar.cl\/?p=84589","title":{"rendered":"ALCALDE ARMANDO FLORES PIDE ATENCION ESPECIAL PARA COMUNAS PEQUE\u00d1AS EN CRISIS MIGRATORIA TRAS REUNION EN LA MONEDA"},"content":{"rendered":"<p>&nbsp;<\/p>\n<p><strong>\u00a0<\/strong><\/p>\n<p>Santiago, Chile. Durante una reuni\u00f3n clave en el Palacio de La Moneda, los alcaldes y alcaldesas de la Asociaci\u00f3n de Municipalidades del Norte de Chile (AMUNOCHI) se encontraron con el subsecretario del Interior, Manuel Monsalve, para abordar los desaf\u00edos que la migraci\u00f3n irregular plantea en la Macrozona Norte. Con m\u00e1s de un mill\u00f3n y medio de personas en situaci\u00f3n irregular, seg\u00fan datos expuestos en la reuni\u00f3n, los municipios manifestaron la urgente necesidad de apoyo.<\/p>\n<p>Uno de los llamados m\u00e1s enf\u00e1ticos lo realiz\u00f3 el alcalde de Vallenar, Armando Flores Jim\u00e9nez, quien subray\u00f3 la necesidad de considerar a las comunas m\u00e1s peque\u00f1as, que tambi\u00e9n sufren las consecuencias de la crisis migratoria. \u00abAunque Vallenar tiene una menor cantidad de migrantes en comparaci\u00f3n con otras comunas m\u00e1s grandes, el impacto en nuestros servicios es devastador\u00bb, se\u00f1al\u00f3 Flores.<\/p>\n<ul>\n<li><strong>CU\u00d1A ALCALDE ARMANDO FLORES<\/strong><\/li>\n<\/ul>\n<p>El alcalde detall\u00f3 c\u00f3mo la limitada dotaci\u00f3n policial, la insuficiente infraestructura y la falta de servicios adecuados para la atenci\u00f3n de la poblaci\u00f3n migrante han generado un colapso en sectores clave, como los espacios p\u00fablicos del Paseo Ribere\u00f1o y la Plaza Ambrosio O\u2019Higgins. \u00abLa ocupaci\u00f3n irregular de terrenos y la ausencia de viviendas disponibles agravan la situaci\u00f3n, al igual que la baja oferta laboral en la zona\u00bb, agreg\u00f3.<\/p>\n<p>Flores solicit\u00f3 al gobierno central que se tomen medidas concretas para enfrentar estos problemas, comenzando por la asignaci\u00f3n de recursos que permitan reforzar la seguridad y la infraestructura local. Entre las peticiones, destac\u00f3 la necesidad de mejorar las dotaciones policiales, invertir en programas que fomenten la generaci\u00f3n de empleo y fortalecer la atenci\u00f3n primaria de salud. Tambi\u00e9n hizo un llamado a mejorar la infraestructura de seguridad, incluyendo la instalaci\u00f3n de p\u00f3rticos y c\u00e1maras, para enfrentar de manera m\u00e1s eficaz los desaf\u00edos asociados a la migraci\u00f3n.<\/p>\n<p>\u00abEs crucial que las pol\u00edticas p\u00fablicas no se enfoquen solo en las grandes ciudades. Comunas como Vallenar tambi\u00e9n requieren una estrategia acorde a sus capacidades y realidades. Con poca cantidad de migrantes, ya experimentamos un colapso, imaginen lo que pasa en las comunas con mayor flujo\u00bb, enfatiz\u00f3 el alcalde.<\/p>\n<p>La reuni\u00f3n concluy\u00f3 con el compromiso de las autoridades para continuar trabajando en soluciones que aborden de manera integral la crisis migratoria en todo el norte de Chile, tomando en cuenta tanto las grandes comunas como las m\u00e1s peque\u00f1as.<\/p>\n","protected":false},"excerpt":{"rendered":"<p>&nbsp; \u00a0 Santiago, Chile. Durante una reuni\u00f3n clave en el Palacio de La Moneda, los alcaldes y alcaldesas de la Asociaci\u00f3n de Municipalidades del Norte&hellip; <\/p>\n","protected":false},"author":5,"featured_media":84590,"comment_status":"closed","ping_status":"closed","sticky":false,"template":"","format":"standard","meta":{"footnotes":""},"categories":[38],"tags":[],"class_list":["post-84589","post","type-post","status-publish","format-standard","has-post-thumbnail","hentry","category-portada-regional"],"_links":{"self":[{"href":"https:\/\/www.radioamigavallenar.cl\/index.php?rest_route=\/wp\/v2\/posts\/84589","targetHints":{"allow":["GET"]}}],"collection":[{"href":"https:\/\/www.radioamigavallenar.cl\/index.php?rest_route=\/wp\/v2\/posts"}],"about":[{"href":"https:\/\/www.radioamigavallenar.cl\/index.php?rest_route=\/wp\/v2\/types\/post"}],"author":[{"embeddable":true,"href":"https:\/\/www.radioamigavallenar.cl\/index.php?rest_route=\/wp\/v2\/users\/5"}],"replies":[{"embeddable":true,"href":"https:\/\/www.radioamigavallenar.cl\/index.php?rest_route=%2Fwp%2Fv2%2Fcomments&post=84589"}],"version-history":[{"count":1,"href":"https:\/\/www.radioamigavallenar.cl\/index.php?rest_route=\/wp\/v2\/posts\/84589\/revisions"}],"predecessor-version":[{"id":84591,"href":"https:\/\/www.radioamigavallenar.cl\/index.php?rest_route=\/wp\/v2\/posts\/84589\/revisions\/84591"}],"wp:featuredmedia":[{"embeddable":true,"href":"https:\/\/www.radioamigavallenar.cl\/index.php?rest_route=\/wp\/v2\/media\/84590"}],"wp:attachment":[{"href":"https:\/\/www.radioamigavallenar.cl\/index.php?rest_route=%2Fwp%2Fv2%2Fmedia&parent=84589"}],"wp:term":[{"taxonomy":"category","embeddable":true,"href":"https:\/\/www.radioamigavallenar.cl\/index.php?rest_route=%2Fwp%2Fv2%2Fcategories&post=84589"},{"taxonomy":"post_tag","embeddable":true,"href":"https:\/\/www.radioamigavallenar.cl\/index.php?rest_route=%2Fwp%2Fv2%2Ftags&post=84589"}],"curies":[{"name":"wp","href":"https:\/\/api.w.org\/{rel}","templated":true}]}}