{"id":84574,"date":"2024-09-05T01:02:36","date_gmt":"2024-09-05T04:02:36","guid":{"rendered":"https:\/\/www.radioamigavallenar.cl\/?p=84574"},"modified":"2024-09-05T01:02:36","modified_gmt":"2024-09-05T04:02:36","slug":"gobierno-regional-realiza-encuentro-con-organizaciones-sociales-ganadoras-de-los-fondos-concursables-2024-en-caldera","status":"publish","type":"post","link":"https:\/\/www.radioamigavallenar.cl\/?p=84574","title":{"rendered":"Gobierno Regional realiza encuentro con organizaciones sociales ganadoras de los Fondos Concursables 2024 en Caldera"},"content":{"rendered":"<ul>\n<li style=\"font-weight: 400;\" aria-level=\"1\"><i><span style=\"font-weight: 400;\">\u00a0<\/span><\/i><\/li>\n<\/ul>\n<p><i><\/i><span style=\"font-weight: 400;\"><br \/>\n<\/span><span style=\"font-weight: 400;\">Representantes y dirigentes de diferentes organizaciones sociales de la comuna de Caldera se dieron cita durante este lunes con el objetivo de participar de una charla informativa, organizada por el Gobierno Regional de Atacama para informar y responder dudas de los ganadores de los Fondos Concursables (FNDR) Glosa 8%, sobre la ejecuci\u00f3n de los proyectos y los proceso de\u00a0 rendici\u00f3n de cada iniciativa.<\/span><span style=\"font-weight: 400;\"><br \/>\n<\/span><span style=\"font-weight: 400;\"><br \/>\n<\/span><span style=\"font-weight: 400;\">Fueron en total 44 las instituciones, sin fines de lucro de Caldera que postularon a las glosas 2024 de actividades Deportivas, Culturales, Seguridad Ciudadana, Car\u00e1cter Social y Prevenci\u00f3n de Drogas, Medio Ambiente y Adulto Mayor. Esta \u00faltima fue creada durante el presente a\u00f1o, con el fin de que diferentes organizaciones y clubes de adultos mayores pudieran financiar su viaje a diferentes destinos del pa\u00eds.<\/span><span style=\"font-weight: 400;\"><br \/>\n<\/span><span style=\"font-weight: 400;\"><br \/>\n<\/span><span style=\"font-weight: 400;\">Sobre el encuentro y la importancia de los Fondos Concursables, el Gobernador de Atacama; Miguel Vargas Correa, se\u00f1al\u00f3 \u201cSon 44 las organizaciones en total de la comuna que fueron favorecidas con estos recursos para proyectos de cultura, seguridad ciudadana, proyectos de deporte, proyectos de car\u00e1cter social, agrupaciones de adultos mayores que postularon para el financiamiento del viaje, fue una glosa nueva que se cre\u00f3 el a\u00f1o 2024, al igual que la glosa medioambiental y eso da cuenta del alto nivel de participaci\u00f3n en la postulaci\u00f3n y en la adjudicaci\u00f3n, adem\u00e1s del gran movimiento social que existe aqu\u00ed en la comuna de Caldera, que hay un trabajo permanente apoyado por la municipalidad\u201d.<\/span><span style=\"font-weight: 400;\"><br \/>\n<\/span><span style=\"font-weight: 400;\"><br \/>\n<\/span><span style=\"font-weight: 400;\">Respecto a los proyectos postulados, la autoridad, agreg\u00f3 \u201cAqu\u00ed hay organizaciones muy comprometidas que uno las ve en constantes actividades, participando no s\u00f3lo en la comuna, sino que en la regi\u00f3n a nivel nacional e inclusive a nivel internacional. De hecho, la agrupaci\u00f3n Vientos del Puerto se adjudic\u00f3 un proyecto para participar en una actividad cultural de danza en la provincia de Tucum\u00e1n, en la Rep\u00fablica Argentina. Entonces ya las organizaciones de Caldera est\u00e1n traspasando las fronteras, inclusive del pa\u00eds. Siempre lo m\u00e1s importante para que nos vaya bien como regi\u00f3n es que las personas y sus organizaciones se comprometan y lo hagan desde el rol que les corresponde\u201d.<\/span><span style=\"font-weight: 400;\"><br \/>\n<\/span><span style=\"font-weight: 400;\"><br \/>\n<\/span><span style=\"font-weight: 400;\">Por su parte, la Alcaldesa de Caldera; Brunilda Gonzalez Anjel, indic\u00f3 \u201cqueremos agradecer al Gobierno regional, a trav\u00e9s del Gobernador don Miguel Vargas Correa, del Consejo Regional y por supuesto, especialmente a todas las organizaciones sociales y a nuestros equipos t\u00e9cnicos, por haber formulado alrededor de 50 proyectos que representan alrededor de unos 250 millones de pesos de la glosa del 8% del Gobierno regional, que est\u00e1 destinada a las distintas l\u00edneas que permiten fortalecer el rol de las organizaciones sociales y con eso, por supuesto, tambi\u00e9n enaltecer el rol que significan las organizaciones en el desarrollo del tejido social\u201d.<\/span><span style=\"font-weight: 400;\"><br \/>\n<\/span><span style=\"font-weight: 400;\"><br \/>\n<\/span><span style=\"font-weight: 400;\">Desde el punto de vista de las organizaciones sociales,\u00a0 Raquel Pincheira, Socia del Conjunto Folcl\u00f3rico Alegre Cantar, manifest\u00f3 \u201cel conjunto Folcl\u00f3rico Alegre Cantar se inaugur\u00f3 en el a\u00f1o 2005. Tenemos 18 a\u00f1os present\u00e1ndonos aqu\u00ed en Caldera y hemos hecho muchas presentaciones gracias a la Municipalidad de Caldera, que siempre est\u00e1 presente y hoy d\u00eda vinimos a este evento porque nos ganamos el proyecto FNDR de 3 millones de pesos para un viaje de recreaci\u00f3n a Concepci\u00f3n y sus alrededores. Pero contenta de haber ganado este proyecto, porque nos hace falta a esta edad salir de viaje y salir de la rutina que todos los d\u00edas, a veces estamos en las casa, pero no, gracias a Dios nosotros tenemos muchas actividades como le dije anteriormente, as\u00ed que felices y agradecida\u201d.<\/span><span style=\"font-weight: 400;\"><br \/>\n<\/span><\/p>\n","protected":false},"excerpt":{"rendered":"<p>\u00a0 Representantes y dirigentes de diferentes organizaciones sociales de la comuna de Caldera se dieron cita durante este lunes con el objetivo de participar de&hellip; <\/p>\n","protected":false},"author":5,"featured_media":84575,"comment_status":"closed","ping_status":"closed","sticky":false,"template":"","format":"standard","meta":{"footnotes":""},"categories":[7],"tags":[],"class_list":["post-84574","post","type-post","status-publish","format-standard","has-post-thumbnail","hentry","category-atacama"],"_links":{"self":[{"href":"https:\/\/www.radioamigavallenar.cl\/index.php?rest_route=\/wp\/v2\/posts\/84574","targetHints":{"allow":["GET"]}}],"collection":[{"href":"https:\/\/www.radioamigavallenar.cl\/index.php?rest_route=\/wp\/v2\/posts"}],"about":[{"href":"https:\/\/www.radioamigavallenar.cl\/index.php?rest_route=\/wp\/v2\/types\/post"}],"author":[{"embeddable":true,"href":"https:\/\/www.radioamigavallenar.cl\/index.php?rest_route=\/wp\/v2\/users\/5"}],"replies":[{"embeddable":true,"href":"https:\/\/www.radioamigavallenar.cl\/index.php?rest_route=%2Fwp%2Fv2%2Fcomments&post=84574"}],"version-history":[{"count":1,"href":"https:\/\/www.radioamigavallenar.cl\/index.php?rest_route=\/wp\/v2\/posts\/84574\/revisions"}],"predecessor-version":[{"id":84576,"href":"https:\/\/www.radioamigavallenar.cl\/index.php?rest_route=\/wp\/v2\/posts\/84574\/revisions\/84576"}],"wp:featuredmedia":[{"embeddable":true,"href":"https:\/\/www.radioamigavallenar.cl\/index.php?rest_route=\/wp\/v2\/media\/84575"}],"wp:attachment":[{"href":"https:\/\/www.radioamigavallenar.cl\/index.php?rest_route=%2Fwp%2Fv2%2Fmedia&parent=84574"}],"wp:term":[{"taxonomy":"category","embeddable":true,"href":"https:\/\/www.radioamigavallenar.cl\/index.php?rest_route=%2Fwp%2Fv2%2Fcategories&post=84574"},{"taxonomy":"post_tag","embeddable":true,"href":"https:\/\/www.radioamigavallenar.cl\/index.php?rest_route=%2Fwp%2Fv2%2Ftags&post=84574"}],"curies":[{"name":"wp","href":"https:\/\/api.w.org\/{rel}","templated":true}]}}