{"id":83850,"date":"2024-08-09T00:04:44","date_gmt":"2024-08-09T03:04:44","guid":{"rendered":"https:\/\/www.radioamigavallenar.cl\/?p=83850"},"modified":"2024-08-09T00:04:44","modified_gmt":"2024-08-09T03:04:44","slug":"carabineros-capturo-profugo-que-llevaba-mas-de-tres-anos-evadiendo-la-ley","status":"publish","type":"post","link":"https:\/\/www.radioamigavallenar.cl\/?p=83850","title":{"rendered":"Carabineros captur\u00f3 pr\u00f3fugo que llevaba m\u00e1s de tres a\u00f1os evadiendo la ley"},"content":{"rendered":"<p>&nbsp;<\/p>\n<p>\u25e6 Fue imputado por el delito de conducci\u00f3n en estado de ebriedad.<\/p>\n<p>En el marco de las acciones orientadas a capturar pr\u00f3fugos de la justicia, Carabineros Sipolcar Atacama en conjunto con personal de la Subcomisar\u00eda Pedro Le\u00f3n Gallo logr\u00f3 la detenci\u00f3n de un hombre que manten\u00eda una orden de aprehensi\u00f3n vigente por el delito de conducci\u00f3n en estado de ebriedad.<\/p>\n<p>El imputado llevaba mil 192 d\u00edas evadiendo a la justicia, sin embargo a ra\u00edz de distintas diligencias propias de la especialidad del personal Sipolcar Atacama, se logr\u00f3 ubicar y detener a esta persona.<\/p>\n<p>El imputado identificado con las iniciales A.C.F.S., de 48 a\u00f1os, chileno registraba esta orden de vigente desde el 5 de Mayo del 2021, por el Juzgado de Garant\u00eda de Copiap\u00f3.<\/p>\n<p>Se procedi\u00f3 al ingreso del detenido a la plataforma B.W.<\/p>\n<p>El detenido fue traslado a la 2\u00aa Comisar\u00eda Copiap\u00f3, para su custodia y posterior traslado al Juzgado de Garant\u00eda Copiap\u00f3, para su Control de Detenci\u00f3n.<\/p>\n","protected":false},"excerpt":{"rendered":"<p>&nbsp; \u25e6 Fue imputado por el delito de conducci\u00f3n en estado de ebriedad. En el marco de las acciones orientadas a capturar pr\u00f3fugos de la&hellip; <\/p>\n","protected":false},"author":5,"featured_media":83048,"comment_status":"closed","ping_status":"closed","sticky":false,"template":"","format":"standard","meta":{"footnotes":""},"categories":[7],"tags":[],"class_list":["post-83850","post","type-post","status-publish","format-standard","has-post-thumbnail","hentry","category-atacama"],"_links":{"self":[{"href":"https:\/\/www.radioamigavallenar.cl\/index.php?rest_route=\/wp\/v2\/posts\/83850","targetHints":{"allow":["GET"]}}],"collection":[{"href":"https:\/\/www.radioamigavallenar.cl\/index.php?rest_route=\/wp\/v2\/posts"}],"about":[{"href":"https:\/\/www.radioamigavallenar.cl\/index.php?rest_route=\/wp\/v2\/types\/post"}],"author":[{"embeddable":true,"href":"https:\/\/www.radioamigavallenar.cl\/index.php?rest_route=\/wp\/v2\/users\/5"}],"replies":[{"embeddable":true,"href":"https:\/\/www.radioamigavallenar.cl\/index.php?rest_route=%2Fwp%2Fv2%2Fcomments&post=83850"}],"version-history":[{"count":1,"href":"https:\/\/www.radioamigavallenar.cl\/index.php?rest_route=\/wp\/v2\/posts\/83850\/revisions"}],"predecessor-version":[{"id":83851,"href":"https:\/\/www.radioamigavallenar.cl\/index.php?rest_route=\/wp\/v2\/posts\/83850\/revisions\/83851"}],"wp:featuredmedia":[{"embeddable":true,"href":"https:\/\/www.radioamigavallenar.cl\/index.php?rest_route=\/wp\/v2\/media\/83048"}],"wp:attachment":[{"href":"https:\/\/www.radioamigavallenar.cl\/index.php?rest_route=%2Fwp%2Fv2%2Fmedia&parent=83850"}],"wp:term":[{"taxonomy":"category","embeddable":true,"href":"https:\/\/www.radioamigavallenar.cl\/index.php?rest_route=%2Fwp%2Fv2%2Fcategories&post=83850"},{"taxonomy":"post_tag","embeddable":true,"href":"https:\/\/www.radioamigavallenar.cl\/index.php?rest_route=%2Fwp%2Fv2%2Ftags&post=83850"}],"curies":[{"name":"wp","href":"https:\/\/api.w.org\/{rel}","templated":true}]}}