{"id":83645,"date":"2024-07-31T13:46:59","date_gmt":"2024-07-31T16:46:59","guid":{"rendered":"https:\/\/www.radioamigavallenar.cl\/?p=83645"},"modified":"2024-07-31T13:50:35","modified_gmt":"2024-07-31T16:50:35","slug":"tenemos-que-prepararnos-toha-advierte-preocupacion-por-posible-aumento-de-migracion-venezolana","status":"publish","type":"post","link":"https:\/\/www.radioamigavallenar.cl\/?p=83645","title":{"rendered":"\u00abTenemos que prepararnos\u00bb: Toh\u00e1 advierte preocupaci\u00f3n por posible aumento de migraci\u00f3n venezolana"},"content":{"rendered":"<div class=\"nota-container\">\n<h1 class=\"nota-title\"><\/h1>\n<\/div>\n<div class=\"bloque-nota-redes\">\n<div class=\"bbtv-nota nota-container w-100\">\n<div class=\"info-nota\">\n<div class=\"info-left\">\n<div class=\"autor-cbbleermastarde d-flex align-items-center justify-content-between mb-3\">\n<div class=\"nota-author\">\n<div class=\"creditos-nota\"><\/div>\n<\/div>\n<\/div>\n<\/div>\n<div class=\"info-right\">\n<div class=\"nota-views d-none d-lg-block\"><\/div>\n<\/div>\n<\/div>\n<div class=\"banners-contenido-nota-6180213 nota-content d-none d-lg-block\" data-id=\"6180213\">\n<div class=\"post-excerpt\">\n<p>Autoridades de gobierno han expresado su preocupaci\u00f3n por la nueva ola migratoria que se puede generar tras el eventual fraude electoral en Venezuela, quedando Nicol\u00e1s Maduro como mandatario de aquel pa\u00eds. As\u00ed, se est\u00e1n evaluando medidas con todos los actores correspondientes.<\/p>\n<\/div>\n<p>La vicepresidenta,\u00a0<a href=\"https:\/\/x.com\/Carolina_Toha\" target=\"_blank\" rel=\"noopener\">Carolina Toh\u00e1<\/a>, advirti\u00f3 que existe preocupaci\u00f3n por la posible nueva ola migratoria que se puede desarrollar desde Venezuela. Esto luego del cuestionado triunfo de Nicol\u00e1s Maduro en las elecciones presidenciales de aquel pa\u00eds, el que no ha sido reconocido por m\u00faltiples pa\u00edses e instituciones internacionales.<\/p>\n<p>En ese sentido, Toh\u00e1 manifest\u00f3 que \u201cla ola migratoria no se ha detenido en ning\u00fan minuto, todo este tiempo, y no s\u00f3lo en Chile\u201d.<\/p>\n<p>\u201cVemos con mucha intensidad nuestra experiencia porque evidentemente es lo que nos toca. Pero cuando miramos la experiencia de otros pa\u00edses de la regi\u00f3n, el n\u00famero en que han llegado personas de Venezuela, buscando una posibilidad de rehacer su vida, es, incluso, muy superior a lo que ha sucedido en Chile\u201d, agreg\u00f3.<\/p>\n<p>Sin embargo, la vicepresidente alert\u00f3 que \u201cciertamente hay una preocupaci\u00f3n de que esto se pueda intensificar y para eso, ciertamente tenemos que prepararnos\u201d.<\/p>\n<p>Es por esta situaci\u00f3n que Toh\u00e1 se reunir\u00e1 con el ministerio de Defensa, el Servicio Nacional de Migraciones, las polic\u00edas y todas las instituciones que correspondan, para evaluar posibles medidas. Asimismo, anunci\u00f3 que dentro de los pr\u00f3ximos d\u00edas visitar\u00e1 el norte del pa\u00eds, para trabajar con los equipos emplazados en la frontera.<\/p>\n<div class=\"lee-tambien-bbcl\">\n<div class=\"lee-tambien-caja\"><\/div>\n<\/div>\n<h2>Chile y los resultados presidenciales en Venezuela<\/h2>\n<div id=\"slot_box2_esc_6180213\" data-google-query-id=\"CJvH1cXc0YcDFZ9b3QId3sIYxQ\">\n<div id=\"google_ads_iframe_\/1098385\/biobiocl\/ad_box2_0__container__\"><\/div>\n<\/div>\n<p>Por otra parte, la vicepresidenta Toh\u00e1 se refiri\u00f3 a las pol\u00e9micas elecciones presidenciales de Venezuela y la posici\u00f3n de Chile respecto a los resultados.<\/p>\n<p>\u201cLa pol\u00edtica exterior de Chile en esto ha sido clara y n\u00edtida, no tiene ning\u00fan matiz ni ninguna confusi\u00f3n. Es una pol\u00edtica de respeto de la democracia y de b\u00fasqueda de que esas normas est\u00e9n presentes en todos los pa\u00edses del planeta, independiente de cual es la posici\u00f3n pol\u00edtica de sus mandatarios\u201d.<\/p>\n<p>En la misma l\u00ednea, a\u00f1adi\u00f3 que \u201cesa pol\u00edtica le ha dado a Chile un reconocimiento por su consistencia. Es habitual ver que la medida en que se defiende la democracia es directamente proporcional a la cercan\u00eda que se tiene con quien est\u00e1 siendo examinado. El gobierno del Presidente Gabriel Boric no act\u00faa con esa m\u00e9trica, act\u00faa con la misma m\u00e9trica siempre, sea cercano, sea lejano, sea de nuestra familia pol\u00edtica o otra, el gobierno que est\u00e1 siendo examinado\u201d.<\/p>\n<p>\u201cEn lo que se refiere a la pol\u00edtica exterior y a la tradici\u00f3n democr\u00e1tica de Chile no hay ambiguedades, ni confusiones ni discusiones, es una sola l\u00ednea\u201d, enfatiz\u00f3.<\/p>\n<div class=\"lee-tambien-bbcl\">\n<div class=\"lee-tambien-caja\">\n<p>&nbsp;<\/p>\n<\/div>\n<\/div>\n<h2>Situaci\u00f3n de venezolanos en Chile<\/h2>\n<p>Adem\u00e1s, Carolina Toh\u00e1 tambi\u00e9n se refiri\u00f3 a la situaci\u00f3n de los venezolanos que se encuentran en territorio nacional, luego que el gobierno de Maduro decidiera sacar a su personal diplom\u00e1tico de Chile.<\/p>\n<p>As\u00ed, sostuvo que hay \u201cpreocupaci\u00f3n por la importante comunidad de venezolanos y venezolanas que viven en Chile, y que esta definici\u00f3n que tom\u00f3 el gobierno venezolano les va a afectar muy fuertemente (\u2026) Vamos a buscar c\u00f3mo ayudar a dar una soluci\u00f3n a eso\u201d.<\/p>\n<p>En ese sentido, coment\u00f3 que intentar\u00e1n tener un \u201crol para ayudar a facilitar tr\u00e1mites\u201d y \u201cminimizar, dentro de lo posible, el impacto que esto va a tener para personas que viven en Chile, y que son originarias de Venezuela\u201d.<\/p>\n<p>Adem\u00e1s, en cuanto a la expulsi\u00f3n de la misi\u00f3n diplom\u00e1tica de Chile y otros pa\u00edses de Venezuela, Toh\u00e1 manifest\u00f3 que \u201cla inmunidad que estas sedes tienen est\u00e1 plenamente vigente y no se pierde aunque las delegaciones diplom\u00e1ticas abandonen el lugar\u201d.<\/p>\n<\/div>\n<\/div>\n<\/div>\n","protected":false},"excerpt":{"rendered":"<p>Autoridades de gobierno han expresado su preocupaci\u00f3n por la nueva ola migratoria que se puede generar tras el eventual fraude electoral en Venezuela, quedando Nicol\u00e1s&hellip; <\/p>\n","protected":false},"author":5,"featured_media":83646,"comment_status":"closed","ping_status":"closed","sticky":false,"template":"","format":"standard","meta":{"footnotes":""},"categories":[37],"tags":[],"class_list":["post-83645","post","type-post","status-publish","format-standard","has-post-thumbnail","hentry","category-nacional"],"_links":{"self":[{"href":"https:\/\/www.radioamigavallenar.cl\/index.php?rest_route=\/wp\/v2\/posts\/83645","targetHints":{"allow":["GET"]}}],"collection":[{"href":"https:\/\/www.radioamigavallenar.cl\/index.php?rest_route=\/wp\/v2\/posts"}],"about":[{"href":"https:\/\/www.radioamigavallenar.cl\/index.php?rest_route=\/wp\/v2\/types\/post"}],"author":[{"embeddable":true,"href":"https:\/\/www.radioamigavallenar.cl\/index.php?rest_route=\/wp\/v2\/users\/5"}],"replies":[{"embeddable":true,"href":"https:\/\/www.radioamigavallenar.cl\/index.php?rest_route=%2Fwp%2Fv2%2Fcomments&post=83645"}],"version-history":[{"count":3,"href":"https:\/\/www.radioamigavallenar.cl\/index.php?rest_route=\/wp\/v2\/posts\/83645\/revisions"}],"predecessor-version":[{"id":83649,"href":"https:\/\/www.radioamigavallenar.cl\/index.php?rest_route=\/wp\/v2\/posts\/83645\/revisions\/83649"}],"wp:featuredmedia":[{"embeddable":true,"href":"https:\/\/www.radioamigavallenar.cl\/index.php?rest_route=\/wp\/v2\/media\/83646"}],"wp:attachment":[{"href":"https:\/\/www.radioamigavallenar.cl\/index.php?rest_route=%2Fwp%2Fv2%2Fmedia&parent=83645"}],"wp:term":[{"taxonomy":"category","embeddable":true,"href":"https:\/\/www.radioamigavallenar.cl\/index.php?rest_route=%2Fwp%2Fv2%2Fcategories&post=83645"},{"taxonomy":"post_tag","embeddable":true,"href":"https:\/\/www.radioamigavallenar.cl\/index.php?rest_route=%2Fwp%2Fv2%2Ftags&post=83645"}],"curies":[{"name":"wp","href":"https:\/\/api.w.org\/{rel}","templated":true}]}}