{"id":83629,"date":"2024-07-31T00:15:29","date_gmt":"2024-07-31T03:15:29","guid":{"rendered":"https:\/\/www.radioamigavallenar.cl\/?p=83629"},"modified":"2024-07-30T22:16:32","modified_gmt":"2024-07-31T01:16:32","slug":"cinco-detenidos-por-maltrato-de-obra-a-carabineros","status":"publish","type":"post","link":"https:\/\/www.radioamigavallenar.cl\/?p=83629","title":{"rendered":"Cinco detenidos por maltrato de obra a Carabineros"},"content":{"rendered":"<p>Dos de los imputados registraban \u00f3rdenes de aprehensi\u00f3n vigentes.<\/p>\n<p>&nbsp;<\/p>\n<p>Durante un proceso investigativo que desarrollaba en la tarde del lunes el personal de Carabineros SIP en el sector de Villa Esperanza, en Copiap\u00f3, sorprendi\u00f3 una persona en evidente transacci\u00f3n de drogas.<\/p>\n<p>&nbsp;<\/p>\n<p>Al proceder al respectivo control preventivo \u00e9ste se di\u00f3 a la fuga, raz\u00f3n por la cual se inici\u00f3 una persecuci\u00f3n de infanter\u00eda por Avenida Los Loros hasta una quebraba existente en la calle Guillermo Rojas.<\/p>\n<p>&nbsp;<\/p>\n<p>Al momento de interceptar y fiscalizar a este hombre sorpresivamente apareci\u00f3 un grupo de 10 individuos, los cuales desde la altura de un mont\u00edculo de tierra comenzaron a arrojar elementos contundentes hacia el personal policial, raz\u00f3n por la cual uno de los funcionarios efectu\u00f3 tres disparos a la base del mont\u00edculo de tierra y un segundo funcionario efectu\u00f3 un disparo al mismo lugar, por lo cual dichos individuos emprendieron la huida.<\/p>\n<p>&nbsp;<\/p>\n<p>Fue en este contexto, que el personal de Carabineros inici\u00f3 una nueva persecuci\u00f3n de infanter\u00eda donde logr\u00f3 la detenci\u00f3n de tres de ellos.<\/p>\n<p>&nbsp;<\/p>\n<p>Posteriormente y con apoyo de personal Secci\u00f3n Centauro que lleg\u00f3 al lugar a prestar cooperaci\u00f3n se logr\u00f3 capturar otros dos hombres.\u00a0 Todos los imputados fueron aprehendidos por el delito de maltrato de Obra a Carabinero de Servicio.<\/p>\n<p>&nbsp;<\/p>\n<p>De igual forma se mantuvo apoyo a\u00e9reo del servicio Drone. Ninguna persona se present\u00f3 manifestando tener lesiones producto de disparos, los cuales fueron dirigidos a los mont\u00edculos.<\/p>\n<p>&nbsp;<\/p>\n<p>Producto de este procedimiento uno de los funcionarios policiales result\u00f3 con lesiones visibles en su ceja izquierda. Un segundo funcionario result\u00f3 con heridas en su tobillo derecho y brazo derecho, en tanto que un tercer funcionario result\u00f3 con lesiones en su mano derecha, producto de las elementos contundentes lanzados por los sujetos.<\/p>\n<p>&nbsp;<\/p>\n<p>Imputados<\/p>\n<p>Se hace presente adem\u00e1s que de los cinco imputados; uno de ellos identificado como L.I.B.O. de 19 a\u00f1os registra una orden de aprehensi\u00f3n vigente por el delito de robo con intimidaci\u00f3n de fecha 17.06.2024 .<\/p>\n<p>&nbsp;<\/p>\n<p>En tanto otro de los imputados de iniciales I.A.A.D.L., de 17 a\u00f1os, mantiene una orden de arresto vigente por el delito de homicidio de fecha 18.07.2024.<\/p>\n<p>&nbsp;<\/p>\n<p>Los otros imputados identificados con las iniciales P.A.C.C., de 25 a\u00f1os (hombre); N.AD.L., de 20 a\u00f1os (mujer); y N.M.R.C., de 24 a\u00f1os (hombre<\/p>\n<p>&nbsp;<\/p>\n<p>&nbsp;<\/p>\n<p>&nbsp;<\/p>\n<p>&nbsp;<\/p>\n<p>&nbsp;<\/p>\n<p>&nbsp;<\/p>\n<p>&nbsp;<\/p>\n<p>&nbsp;<\/p>\n<p>&nbsp;<\/p>\n<p>&nbsp;<\/p>\n<p>&nbsp;<\/p>\n<p>&nbsp;<\/p>\n<p>&nbsp;<\/p>\n<p>&nbsp;<\/p>\n<p>&nbsp;<\/p>\n","protected":false},"excerpt":{"rendered":"<p>Dos de los imputados registraban \u00f3rdenes de aprehensi\u00f3n vigentes. &nbsp; Durante un proceso investigativo que desarrollaba en la tarde del lunes el personal de Carabineros&hellip; <\/p>\n","protected":false},"author":5,"featured_media":83048,"comment_status":"closed","ping_status":"closed","sticky":false,"template":"","format":"standard","meta":{"footnotes":""},"categories":[7],"tags":[],"class_list":["post-83629","post","type-post","status-publish","format-standard","has-post-thumbnail","hentry","category-atacama"],"_links":{"self":[{"href":"https:\/\/www.radioamigavallenar.cl\/index.php?rest_route=\/wp\/v2\/posts\/83629","targetHints":{"allow":["GET"]}}],"collection":[{"href":"https:\/\/www.radioamigavallenar.cl\/index.php?rest_route=\/wp\/v2\/posts"}],"about":[{"href":"https:\/\/www.radioamigavallenar.cl\/index.php?rest_route=\/wp\/v2\/types\/post"}],"author":[{"embeddable":true,"href":"https:\/\/www.radioamigavallenar.cl\/index.php?rest_route=\/wp\/v2\/users\/5"}],"replies":[{"embeddable":true,"href":"https:\/\/www.radioamigavallenar.cl\/index.php?rest_route=%2Fwp%2Fv2%2Fcomments&post=83629"}],"version-history":[{"count":1,"href":"https:\/\/www.radioamigavallenar.cl\/index.php?rest_route=\/wp\/v2\/posts\/83629\/revisions"}],"predecessor-version":[{"id":83630,"href":"https:\/\/www.radioamigavallenar.cl\/index.php?rest_route=\/wp\/v2\/posts\/83629\/revisions\/83630"}],"wp:featuredmedia":[{"embeddable":true,"href":"https:\/\/www.radioamigavallenar.cl\/index.php?rest_route=\/wp\/v2\/media\/83048"}],"wp:attachment":[{"href":"https:\/\/www.radioamigavallenar.cl\/index.php?rest_route=%2Fwp%2Fv2%2Fmedia&parent=83629"}],"wp:term":[{"taxonomy":"category","embeddable":true,"href":"https:\/\/www.radioamigavallenar.cl\/index.php?rest_route=%2Fwp%2Fv2%2Fcategories&post=83629"},{"taxonomy":"post_tag","embeddable":true,"href":"https:\/\/www.radioamigavallenar.cl\/index.php?rest_route=%2Fwp%2Fv2%2Ftags&post=83629"}],"curies":[{"name":"wp","href":"https:\/\/api.w.org\/{rel}","templated":true}]}}