{"id":83400,"date":"2024-07-23T00:48:19","date_gmt":"2024-07-23T03:48:19","guid":{"rendered":"https:\/\/www.radioamigavallenar.cl\/?p=83400"},"modified":"2024-07-22T20:44:35","modified_gmt":"2024-07-22T23:44:35","slug":"copiapo-fiscalia-indago-delitos-de-caracter-sexual-y-autor-cumplira-20-anos-de-presidio","status":"publish","type":"post","link":"https:\/\/www.radioamigavallenar.cl\/?p=83400","title":{"rendered":"Copiap\u00f3: fiscal\u00eda indag\u00f3 delitos de car\u00e1cter sexual y autor cumplir\u00e1 20 a\u00f1os de presidio"},"content":{"rendered":"<p>&nbsp;<\/p>\n<p>La Fiscal\u00eda de Atacama investig\u00f3 delitos de car\u00e1cter sexual en contra de una v\u00edctima menor de edad en Copiap\u00f3, hechos que de acuerdo con los antecedentes reunidos y argumentados en la audiencia de Juicio Oral fueron reiterativos por varios a\u00f1os.<\/p>\n<p>Los medios de prueba y evidencia reunida en la etapa investigativa de esta causa fueron argumentados ante los Jueces del Tribunal Oral de la capital regional por el fiscal adjunto de esta ciudad, Guillermo Z\u00e1rate Chacana, quien present\u00f3 la informaci\u00f3n y el relat\u00f3 de la v\u00edctima y testigos de o\u00edda de estos delitos luego que la afectada develara lo ocurrido a familiares.<\/p>\n<p>\u201cLa afectaci\u00f3n de las v\u00edctimas de delitos sexuales es significativa y ello deriva en que, por lo general, la develaci\u00f3n de este tipo de delitos no siempre ocurre de manera paralela a la comisi\u00f3n de \u00e9stos. M\u00e1s a\u00fan cuando los responsables pertenecen al c\u00edrculo cercano de las v\u00edctimas, como ocurri\u00f3 en este caso. Ello llev\u00f3 a la Fiscal\u00eda de Atacama a desarrollar una investigaci\u00f3n acuciosa velando siempre por la integridad de la menor de edad a partir de las herramientas y protocolos institucionales establecidos para investigar este tipo de causas\u201d, dijo el fiscal.<\/p>\n<p>&nbsp;<\/p>\n<p>JUICIO ORAL<\/p>\n<p>Guillermo Z\u00e1rate agreg\u00f3 que en la audiencia de Juicio Oral present\u00f3 adem\u00e1s la declaraci\u00f3n de los funcionarios de la PDI que desarrollaron diligencias en este caso, adem\u00e1s de peritos del Servicio M\u00e9dico Legal de Copiap\u00f3.<\/p>\n<p>Con ello, la Fiscal\u00eda pudo acreditar la participaci\u00f3n del acusado en los delitos reiterados de abuso sexual a menor de 14 a\u00f1os y violaci\u00f3n, consiguiendo el fiscal del caso que los Jueces del mencionado Tribunal aplicaran la pena de 20 a\u00f1os de c\u00e1rcel en su contra dada la gravedad de los delitos y las consecuencias que hasta el d\u00eda de hoy afectan a la v\u00edctima.<\/p>\n<p>\u201cEn este caso la Fiscal\u00eda de Atacama desarroll\u00f3 un trabajo dedicado junto a la Unidad de Atenci\u00f3n a V\u00edctimas y Testigos con la finalidad que la menor pudiera enfrentar la audiencia de Juicio Oral, adem\u00e1s de la Brigada Investigadora de Delitos Sexuales de la PDI que realizaron informes que fueron argumentados en el juicio. Con todo ello, la pena impuesta respald\u00f3 la funci\u00f3n indagatoria llevada a cabo por el Ministerio P\u00fablico\u201d, finaliz\u00f3 el fiscal Z\u00e1rate.<\/p>\n<p>&nbsp;<\/p>\n","protected":false},"excerpt":{"rendered":"<p>&nbsp; La Fiscal\u00eda de Atacama investig\u00f3 delitos de car\u00e1cter sexual en contra de una v\u00edctima menor de edad en Copiap\u00f3, hechos que de acuerdo con&hellip; <\/p>\n","protected":false},"author":5,"featured_media":83266,"comment_status":"closed","ping_status":"closed","sticky":false,"template":"","format":"standard","meta":{"footnotes":""},"categories":[38],"tags":[],"class_list":["post-83400","post","type-post","status-publish","format-standard","has-post-thumbnail","hentry","category-portada-regional"],"_links":{"self":[{"href":"https:\/\/www.radioamigavallenar.cl\/index.php?rest_route=\/wp\/v2\/posts\/83400","targetHints":{"allow":["GET"]}}],"collection":[{"href":"https:\/\/www.radioamigavallenar.cl\/index.php?rest_route=\/wp\/v2\/posts"}],"about":[{"href":"https:\/\/www.radioamigavallenar.cl\/index.php?rest_route=\/wp\/v2\/types\/post"}],"author":[{"embeddable":true,"href":"https:\/\/www.radioamigavallenar.cl\/index.php?rest_route=\/wp\/v2\/users\/5"}],"replies":[{"embeddable":true,"href":"https:\/\/www.radioamigavallenar.cl\/index.php?rest_route=%2Fwp%2Fv2%2Fcomments&post=83400"}],"version-history":[{"count":3,"href":"https:\/\/www.radioamigavallenar.cl\/index.php?rest_route=\/wp\/v2\/posts\/83400\/revisions"}],"predecessor-version":[{"id":83406,"href":"https:\/\/www.radioamigavallenar.cl\/index.php?rest_route=\/wp\/v2\/posts\/83400\/revisions\/83406"}],"wp:featuredmedia":[{"embeddable":true,"href":"https:\/\/www.radioamigavallenar.cl\/index.php?rest_route=\/wp\/v2\/media\/83266"}],"wp:attachment":[{"href":"https:\/\/www.radioamigavallenar.cl\/index.php?rest_route=%2Fwp%2Fv2%2Fmedia&parent=83400"}],"wp:term":[{"taxonomy":"category","embeddable":true,"href":"https:\/\/www.radioamigavallenar.cl\/index.php?rest_route=%2Fwp%2Fv2%2Fcategories&post=83400"},{"taxonomy":"post_tag","embeddable":true,"href":"https:\/\/www.radioamigavallenar.cl\/index.php?rest_route=%2Fwp%2Fv2%2Ftags&post=83400"}],"curies":[{"name":"wp","href":"https:\/\/api.w.org\/{rel}","templated":true}]}}