{"id":83397,"date":"2024-07-22T13:40:12","date_gmt":"2024-07-22T16:40:12","guid":{"rendered":"https:\/\/www.radioamigavallenar.cl\/?p=83397"},"modified":"2024-07-22T13:40:12","modified_gmt":"2024-07-22T16:40:12","slug":"en-copiapo-carabineros-o-s-7-atacama-sorprendio-hombre-lanzando-droga-al-centro-penitenciario","status":"publish","type":"post","link":"https:\/\/www.radioamigavallenar.cl\/?p=83397","title":{"rendered":"En Copiap\u00f3: Carabineros O.S.7 Atacama sorprendi\u00f3 hombre lanzando droga al Centro Penitenciario"},"content":{"rendered":"<p>&nbsp;<\/p>\n<p>\u25e6 El imputado con antecedentes anteriores manten\u00eda en su poder marihuana, pasta base y clonazepam.<\/p>\n<p>Los lanzamientos de droga m\u00e1s conocidos como \u00abpelotazos\u00bb hacia el interior del Centro de Cumplimiento Penitenciario de Copiap\u00f3 son hechos habituales denunciados por Gendarmer\u00eda. Es por esto que a trav\u00e9s de un trabajo conjunto y coordinado con Carabineros se realizan controles y fiscalizaciones de quienes transitan por el per\u00edmetro del sector.<\/p>\n<p>En este \u00e1mbito de acci\u00f3n en el combate del Crimen Organizado, personal de Carabineros de la Secci\u00f3n O.S.7 de Atacama y mientras desarrollaba diligencias de su especialidad en los alrededores del Centro Penitenciario, logr\u00f3 la detenci\u00f3n de una persona movilizada en una camioneta, el cual lanzaba \u00abpelotazos\u00bb con drogas hacia el interior de la c\u00e1rcel.<\/p>\n<p>En virtud a la flagrancia del delito, el personal policial procedi\u00f3 a l detenci\u00f3n de este hombre identificado con las iniciales K.M.G.A., de 31 a\u00f1os, nacionalidad chilena, con antecedentes penales.<\/p>\n<p>Adem\u00e1s en coordinaci\u00f3n con el Fiscal de turno, se realiz\u00f3 el ingreso, registro e incautaci\u00f3n de drogas desde el inmueble del imputado, de acuerdo al Art. 205 del C.P.P.<\/p>\n<p>Droga Incautada:<br \/>\n&#8211; 10 gramos 200 miligramos de marihuana.<br \/>\n&#8211; 16 gramos 400 de pasta base de coca\u00edna.<br \/>\n&#8211; 08 comprimido de clonazepam.<br \/>\n&#8211; $25.000. Dinero en efectivo.<\/p>\n<p>Cantidad de Dosis: 68 dosis<\/p>\n<p>Avalu\u00f3: $ 300.000 mil de pesos<\/p>\n","protected":false},"excerpt":{"rendered":"<p>&nbsp; \u25e6 El imputado con antecedentes anteriores manten\u00eda en su poder marihuana, pasta base y clonazepam. Los lanzamientos de droga m\u00e1s conocidos como \u00abpelotazos\u00bb hacia&hellip; <\/p>\n","protected":false},"author":5,"featured_media":83398,"comment_status":"closed","ping_status":"closed","sticky":false,"template":"","format":"standard","meta":{"footnotes":""},"categories":[7],"tags":[],"class_list":["post-83397","post","type-post","status-publish","format-standard","has-post-thumbnail","hentry","category-atacama"],"_links":{"self":[{"href":"https:\/\/www.radioamigavallenar.cl\/index.php?rest_route=\/wp\/v2\/posts\/83397","targetHints":{"allow":["GET"]}}],"collection":[{"href":"https:\/\/www.radioamigavallenar.cl\/index.php?rest_route=\/wp\/v2\/posts"}],"about":[{"href":"https:\/\/www.radioamigavallenar.cl\/index.php?rest_route=\/wp\/v2\/types\/post"}],"author":[{"embeddable":true,"href":"https:\/\/www.radioamigavallenar.cl\/index.php?rest_route=\/wp\/v2\/users\/5"}],"replies":[{"embeddable":true,"href":"https:\/\/www.radioamigavallenar.cl\/index.php?rest_route=%2Fwp%2Fv2%2Fcomments&post=83397"}],"version-history":[{"count":1,"href":"https:\/\/www.radioamigavallenar.cl\/index.php?rest_route=\/wp\/v2\/posts\/83397\/revisions"}],"predecessor-version":[{"id":83399,"href":"https:\/\/www.radioamigavallenar.cl\/index.php?rest_route=\/wp\/v2\/posts\/83397\/revisions\/83399"}],"wp:featuredmedia":[{"embeddable":true,"href":"https:\/\/www.radioamigavallenar.cl\/index.php?rest_route=\/wp\/v2\/media\/83398"}],"wp:attachment":[{"href":"https:\/\/www.radioamigavallenar.cl\/index.php?rest_route=%2Fwp%2Fv2%2Fmedia&parent=83397"}],"wp:term":[{"taxonomy":"category","embeddable":true,"href":"https:\/\/www.radioamigavallenar.cl\/index.php?rest_route=%2Fwp%2Fv2%2Fcategories&post=83397"},{"taxonomy":"post_tag","embeddable":true,"href":"https:\/\/www.radioamigavallenar.cl\/index.php?rest_route=%2Fwp%2Fv2%2Ftags&post=83397"}],"curies":[{"name":"wp","href":"https:\/\/api.w.org\/{rel}","templated":true}]}}