{"id":83292,"date":"2024-07-17T12:31:14","date_gmt":"2024-07-17T15:31:14","guid":{"rendered":"https:\/\/www.radioamigavallenar.cl\/?p=83292"},"modified":"2024-07-17T12:31:14","modified_gmt":"2024-07-17T15:31:14","slug":"dan-luz-verde-a-ocho-concesiones-de-uso-gratuito-en-tres-comunas-de-atacama","status":"publish","type":"post","link":"https:\/\/www.radioamigavallenar.cl\/?p=83292","title":{"rendered":"Dan luz verde a ocho concesiones de uso gratuito en tres comunas de Atacama"},"content":{"rendered":"<p>En una reciente reuni\u00f3n, la Comisi\u00f3n de Ordenamiento Territorial del Consejo Regional de Atacama, junto con la Comisi\u00f3n Provincial Copiap\u00f3, analizaron la aprobaci\u00f3n de ocho concesiones de uso gratuito a corto plazo para las comunas de Caldera, Huasco y Cha\u00f1aral.<\/p>\n<p>&nbsp;<\/p>\n<p>Los Consejeros Regionales participantes revisaron detalladamente las solicitudes del municipio de Caldera, que busca administrar terrenos en el sector Nueva Caldera para proyectos de urbanizaci\u00f3n.<\/p>\n<p>Fernando Ghiglino, Presidente de la Comisi\u00f3n de Ordenamiento Territorial, destac\u00f3 la importancia de estas concesiones para mejorar las condiciones de habitabilidad en Nueva Caldera, incluyendo acceso a agua potable y alcantarillado. Ghiglino subray\u00f3 que el municipio est\u00e1 desarrollando un plan maestro para formalizar este asentamiento urbano.<\/p>\n<p>Seg\u00fan la Ley n\u00b019.606 y el Decreto n\u00b0154 de 2023, el Ministerio de Bienes Nacionales tiene la autoridad para otorgar concesiones sobre bienes fiscales, competencia que ha sido temporalmente transferida a los Gobiernos Regionales. El Gobierno Regional de Atacama solicit\u00f3 al Consejo Regional que evaluara estas solicitudes a trav\u00e9s de su Comisi\u00f3n de Ordenamiento Territorial.<\/p>\n<p>Durante la reuni\u00f3n, la Divisi\u00f3n de Planificaci\u00f3n y Desarrollo (DIPLADE) del Gobierno Regional, representada por Cecilia Oro y Rodrigo Illanes, present\u00f3 detalles del proyecto Nueva Caldera, que incluye la construcci\u00f3n de viviendas sociales.<\/p>\n<p>Posteriormente, los CORES evaluaron las solicitudes de concesiones gratuitas de otros organismos: el Instituto de Previsi\u00f3n Social (IPS) para un inmueble en Huasco destinado a fines del servicio; el municipio de Huasco para una bajada de playa en Carrizal Bajo; y la municipalidad de Cha\u00f1aral para un proyecto de ciclov\u00eda que conecte la salida sur de la comuna con el sector de Barquito. Estas tres solicitudes tambi\u00e9n recibieron votos favorables de los Consejeros Regionales presentes.<\/p>\n<p>Finalmente, la comisi\u00f3n vot\u00f3 a favor de las cinco concesiones solicitadas por el municipio de Caldera. Este acuerdo, junto con las otras tres solicitudes aprobadas, ser\u00e1 presentado al pleno del Consejo Regional en su pr\u00f3xima sesi\u00f3n ordinaria para su votaci\u00f3n definitiva.<\/p>\n<p>&nbsp;<\/p>\n<p>Fuente: <a href=\"https:\/\/www.nostalgica.cl\/dan-luz-verde-a-ocho-concesiones-de-uso-gratuito-en-tres-comunas-de-atacama\/\" target=\"_blank\" rel=\"noopener\">Nostalgica.cl<\/a><\/p>\n","protected":false},"excerpt":{"rendered":"<p>En una reciente reuni\u00f3n, la Comisi\u00f3n de Ordenamiento Territorial del Consejo Regional de Atacama, junto con la Comisi\u00f3n Provincial Copiap\u00f3, analizaron la aprobaci\u00f3n de ocho&hellip; <\/p>\n","protected":false},"author":6,"featured_media":83293,"comment_status":"closed","ping_status":"closed","sticky":false,"template":"","format":"standard","meta":{"footnotes":""},"categories":[38],"tags":[],"class_list":["post-83292","post","type-post","status-publish","format-standard","has-post-thumbnail","hentry","category-portada-regional"],"_links":{"self":[{"href":"https:\/\/www.radioamigavallenar.cl\/index.php?rest_route=\/wp\/v2\/posts\/83292","targetHints":{"allow":["GET"]}}],"collection":[{"href":"https:\/\/www.radioamigavallenar.cl\/index.php?rest_route=\/wp\/v2\/posts"}],"about":[{"href":"https:\/\/www.radioamigavallenar.cl\/index.php?rest_route=\/wp\/v2\/types\/post"}],"author":[{"embeddable":true,"href":"https:\/\/www.radioamigavallenar.cl\/index.php?rest_route=\/wp\/v2\/users\/6"}],"replies":[{"embeddable":true,"href":"https:\/\/www.radioamigavallenar.cl\/index.php?rest_route=%2Fwp%2Fv2%2Fcomments&post=83292"}],"version-history":[{"count":1,"href":"https:\/\/www.radioamigavallenar.cl\/index.php?rest_route=\/wp\/v2\/posts\/83292\/revisions"}],"predecessor-version":[{"id":83294,"href":"https:\/\/www.radioamigavallenar.cl\/index.php?rest_route=\/wp\/v2\/posts\/83292\/revisions\/83294"}],"wp:featuredmedia":[{"embeddable":true,"href":"https:\/\/www.radioamigavallenar.cl\/index.php?rest_route=\/wp\/v2\/media\/83293"}],"wp:attachment":[{"href":"https:\/\/www.radioamigavallenar.cl\/index.php?rest_route=%2Fwp%2Fv2%2Fmedia&parent=83292"}],"wp:term":[{"taxonomy":"category","embeddable":true,"href":"https:\/\/www.radioamigavallenar.cl\/index.php?rest_route=%2Fwp%2Fv2%2Fcategories&post=83292"},{"taxonomy":"post_tag","embeddable":true,"href":"https:\/\/www.radioamigavallenar.cl\/index.php?rest_route=%2Fwp%2Fv2%2Ftags&post=83292"}],"curies":[{"name":"wp","href":"https:\/\/api.w.org\/{rel}","templated":true}]}}