{"id":83287,"date":"2024-07-17T12:23:31","date_gmt":"2024-07-17T15:23:31","guid":{"rendered":"https:\/\/www.radioamigavallenar.cl\/?p=83287"},"modified":"2024-07-17T12:23:31","modified_gmt":"2024-07-17T15:23:31","slug":"isl-y-seremi-del-trabajo-lideran-encuentro-con-trabajadoras-de-casa-particular-y-jefas-de-hogar","status":"publish","type":"post","link":"https:\/\/www.radioamigavallenar.cl\/?p=83287","title":{"rendered":"ISL y Seremi del Trabajo lideran encuentro con trabajadoras de casa particular y jefas de hogar"},"content":{"rendered":"<p>La jornada entreg\u00f3 informaci\u00f3n sobre seguros de accidentes del trabajo y enfermedades profesionales, Ley Karin, primeros auxilios, ente otros.<\/p>\n<p>&nbsp;<\/p>\n<p>Cerca de una veintena de mujeres se dieron cita en las oficinas de del Instituto de Seguridad Laboral (ISL) para participar de la jornada \u00abSeguridad y Salud en el Trabajo para Trabajadoras de Casa Particular\u00bb donde profesionales de ISL y de la Direcci\u00f3n Regional del Trabajo (DRT) expusieron sobre diversos temas, como son: seguros de accidentes del trabajo y enfermedades profesionales, primeros auxilios, Ley Karin y Ley de 40 horas.<\/p>\n<p>La jornada fue liderada por Nelson Parra Guerrero, director del ISL y Jonathan P\u00e1ez Toro, seremi del Trabajo y Previsi\u00f3n Social, quienes entregaron sus palabras y destacaron la importancia de este tipo de actividades, que busca difundir los derechos y deberes tanto de trabajadoras\/es como empleadoras\/es.<\/p>\n<p>\u201cLa capacitaci\u00f3n y constante entrega de herramientas por parte de los servicios que componen la cartera del Trabajo y Previsi\u00f3n Social, generan justicia social para trabajadores y trabajadoras, quienes, para ejercer sus derechos, tienen que conocerlos y tambi\u00e9n cumplir con sus deberes. Es por ello, que valoramos esta instancia desarrollada por ISL, una ma\u00f1ana l\u00fadica y donde trabajadoras de casa particular y jefas de hogar han participado de forma abierta. Destaco tambi\u00e9n que ISL se preocup\u00f3 de todos los pormenores para que las asistentes se sintieran c\u00f3modas, primero buscaron desarrollar esta jornada un s\u00e1bado, para tener libertad de asistencia y propiciaron un rinc\u00f3n infantil para los ni\u00f1os y ni\u00f1as que acompa\u00f1aron a sus madres o tutoras a la instancia, se pudieran desenvolver. Estas acciones van de la mano con las pol\u00edticas de g\u00e9nero y equidad del programa de Gobierno del Presidente Gabriel Boric y esperamos que se puedan seguir generando\u201d, destac\u00f3 el seremi del trabajo y previsi\u00f3n Social, Jonathan P\u00e1ez Toro.<\/p>\n<p>Por su parte, el director regional de ISL, Nelson Parra Guerrero, detall\u00f3 que \u201ceste seminario se enmarca en los beneficios de la Ley 16.744 sobre accidentes del trabajo y enfermedades profesionales, se establecieron cu\u00e1les son los beneficios en caso de accidente, por ejemplo una trabajadora de casa particular que tenga un accidente de trayecto o si est\u00e1 cocinando se queme o que tenga problemas con los utensilios, o si se produce alg\u00fan enfermedad profesional, est\u00e1 cubierta por esta Ley en el caso que est\u00e9 adherida por el ISL, prestaciones m\u00e9dicas, en cuanto a medicamentos y tambi\u00e9n si necesita alg\u00fan prestador medico ac\u00e1 en Copiap\u00f3 o en Santiago se pagan los pasajes para que se puedan tratar. El objetivo de este seminario es entregar los conocimientos a las trabajadoras de este seguro, sus derechos laborales y tambi\u00e9n las nuevas leyes levantadas por el Ministerio del Trabajo y Previsi\u00f3n Social\u201d-<\/p>\n<p>Mientras que Saida Tapia Suarez, una de las beneficiarias de la charla coment\u00f3 que \u201cyo me enter\u00e9 de este curso por el programa Mujeres Jefas de Hogar\u201d y es muy importante que se realicen este tipo de charlas para nosotras tener precauci\u00f3n, tanto en el hogar como en el \u00e1mbito laboral, es muy buena. He participado otros a\u00f1os y me ha servido mucho, despu\u00e9s uno lo comparte, para que la gente tambi\u00e9n est\u00e9 aprendiendo\u201d.<\/p>\n<p>&nbsp;<\/p>\n<p>Fuente: <a href=\"https:\/\/www.chanarcillo.cl\/isl-y-seremi-del-trabajo-lideran-encuentro-con-trabajadoras-de-casa-particular-y-jefas-de-hogar\/\" target=\"_blank\" rel=\"noopener\">Diario Cha\u00f1arcillo<\/a><\/p>\n","protected":false},"excerpt":{"rendered":"<p>La jornada entreg\u00f3 informaci\u00f3n sobre seguros de accidentes del trabajo y enfermedades profesionales, Ley Karin, primeros auxilios, ente otros. &nbsp; Cerca de una veintena de&hellip; <\/p>\n","protected":false},"author":6,"featured_media":83288,"comment_status":"closed","ping_status":"closed","sticky":false,"template":"","format":"standard","meta":{"footnotes":""},"categories":[7],"tags":[],"class_list":["post-83287","post","type-post","status-publish","format-standard","has-post-thumbnail","hentry","category-atacama"],"_links":{"self":[{"href":"https:\/\/www.radioamigavallenar.cl\/index.php?rest_route=\/wp\/v2\/posts\/83287","targetHints":{"allow":["GET"]}}],"collection":[{"href":"https:\/\/www.radioamigavallenar.cl\/index.php?rest_route=\/wp\/v2\/posts"}],"about":[{"href":"https:\/\/www.radioamigavallenar.cl\/index.php?rest_route=\/wp\/v2\/types\/post"}],"author":[{"embeddable":true,"href":"https:\/\/www.radioamigavallenar.cl\/index.php?rest_route=\/wp\/v2\/users\/6"}],"replies":[{"embeddable":true,"href":"https:\/\/www.radioamigavallenar.cl\/index.php?rest_route=%2Fwp%2Fv2%2Fcomments&post=83287"}],"version-history":[{"count":1,"href":"https:\/\/www.radioamigavallenar.cl\/index.php?rest_route=\/wp\/v2\/posts\/83287\/revisions"}],"predecessor-version":[{"id":83289,"href":"https:\/\/www.radioamigavallenar.cl\/index.php?rest_route=\/wp\/v2\/posts\/83287\/revisions\/83289"}],"wp:featuredmedia":[{"embeddable":true,"href":"https:\/\/www.radioamigavallenar.cl\/index.php?rest_route=\/wp\/v2\/media\/83288"}],"wp:attachment":[{"href":"https:\/\/www.radioamigavallenar.cl\/index.php?rest_route=%2Fwp%2Fv2%2Fmedia&parent=83287"}],"wp:term":[{"taxonomy":"category","embeddable":true,"href":"https:\/\/www.radioamigavallenar.cl\/index.php?rest_route=%2Fwp%2Fv2%2Fcategories&post=83287"},{"taxonomy":"post_tag","embeddable":true,"href":"https:\/\/www.radioamigavallenar.cl\/index.php?rest_route=%2Fwp%2Fv2%2Ftags&post=83287"}],"curies":[{"name":"wp","href":"https:\/\/api.w.org\/{rel}","templated":true}]}}