{"id":83247,"date":"2024-07-15T13:26:47","date_gmt":"2024-07-15T16:26:47","guid":{"rendered":"https:\/\/www.radioamigavallenar.cl\/?p=83247"},"modified":"2024-07-15T13:26:47","modified_gmt":"2024-07-15T16:26:47","slug":"zoonosis-capacitacion-para-centros-de-mantencion-temporal-de-mascotas-en-atacama","status":"publish","type":"post","link":"https:\/\/www.radioamigavallenar.cl\/?p=83247","title":{"rendered":"Zoonosis: Capacitaci\u00f3n para Centros de Mantenci\u00f3n Temporal de Mascotas en Atacama"},"content":{"rendered":"<p>La SEREMI de Salud de Atacama realiz\u00f3 una capacitaci\u00f3n dirigida a due\u00f1os y profesionales de Centros de Mantenci\u00f3n Temporal de Mascotas y Animales de Compa\u00f1\u00eda. La actividad, que cont\u00f3 con la participaci\u00f3n de m\u00e1s de 30 personas, tuvo como objetivo informar sobre los requisitos sanitarios que deben cumplir estas instalaciones y el proceso de tramitaci\u00f3n en l\u00ednea para obtener el informe sanitario correspondiente.<\/p>\n<p>En la ocasi\u00f3n, J\u00e9ssica Rojas Gahona, titular de Salud en la regi\u00f3n, enfatiz\u00f3 la importancia de que estos centros, tanto p\u00fablicos como privados, cumplan con la normativa sanitaria vigente. \u201cEs fundamental que estos centros cumplan con la normativa sanitaria vigente para obtener un informe sanitario que les permita inscribirse en el Registro de Centros de Mantenci\u00f3n de Mascotas y Animales de Compa\u00f1\u00eda\u201d, se\u00f1al\u00f3 Rojas Gahona.<\/p>\n<h2>\u00bfQui\u00e9nes deben inscribirse?<\/h2>\n<p>Seg\u00fan la Ley 21.020, los establecimientos que deben estar registrados incluyen:<\/p>\n<p>\u2013 Cl\u00ednicas, hospitales, consultas y consultorios veterinarios.<br \/>\n\u2013 Peluquer\u00edas o centros de est\u00e9tica para mascotas o animales de compa\u00f1\u00eda.<br \/>\n\u2013 Centros p\u00fablicos de atenci\u00f3n veterinaria.<br \/>\n\u2013 Centros de rescate, venta, adiestramiento, exposici\u00f3n o exhibici\u00f3n de mascotas.<br \/>\n\u2013 Caniles, criaderos, hoteles, hostales o cualquier otro tipo de alojamiento o custodia de mascotas.<br \/>\n\u2013 Centros de pr\u00e1ctica de disciplinas deportivas.<br \/>\n\u2013 Bodegas o lugares de tr\u00e1nsito para transporte, terrestre o a\u00e9reo, de mascotas o animales de compa\u00f1\u00eda.<\/p>\n<p>Para obtener el informe sanitario, las personas interesadas deben ingresar al sitio web http:\/\/www.seremienlinea.minsal.cl, donde encontrar\u00e1n los requisitos, la normativa y el valor del tr\u00e1mite.<\/p>\n<p>&nbsp;<\/p>\n<p>Fuente: <a href=\"https:\/\/www.maray.cl\/zoonosis-capacitacion-para-centros-de-mantencion-temporal-de-mascotas-en-atacama\/\" target=\"_blank\" rel=\"noopener\">Maray.cl<\/a><\/p>\n","protected":false},"excerpt":{"rendered":"<p>La SEREMI de Salud de Atacama realiz\u00f3 una capacitaci\u00f3n dirigida a due\u00f1os y profesionales de Centros de Mantenci\u00f3n Temporal de Mascotas y Animales de Compa\u00f1\u00eda.&hellip; <\/p>\n","protected":false},"author":6,"featured_media":83248,"comment_status":"closed","ping_status":"closed","sticky":false,"template":"","format":"standard","meta":{"footnotes":""},"categories":[7],"tags":[],"class_list":["post-83247","post","type-post","status-publish","format-standard","has-post-thumbnail","hentry","category-atacama"],"_links":{"self":[{"href":"https:\/\/www.radioamigavallenar.cl\/index.php?rest_route=\/wp\/v2\/posts\/83247","targetHints":{"allow":["GET"]}}],"collection":[{"href":"https:\/\/www.radioamigavallenar.cl\/index.php?rest_route=\/wp\/v2\/posts"}],"about":[{"href":"https:\/\/www.radioamigavallenar.cl\/index.php?rest_route=\/wp\/v2\/types\/post"}],"author":[{"embeddable":true,"href":"https:\/\/www.radioamigavallenar.cl\/index.php?rest_route=\/wp\/v2\/users\/6"}],"replies":[{"embeddable":true,"href":"https:\/\/www.radioamigavallenar.cl\/index.php?rest_route=%2Fwp%2Fv2%2Fcomments&post=83247"}],"version-history":[{"count":1,"href":"https:\/\/www.radioamigavallenar.cl\/index.php?rest_route=\/wp\/v2\/posts\/83247\/revisions"}],"predecessor-version":[{"id":83249,"href":"https:\/\/www.radioamigavallenar.cl\/index.php?rest_route=\/wp\/v2\/posts\/83247\/revisions\/83249"}],"wp:featuredmedia":[{"embeddable":true,"href":"https:\/\/www.radioamigavallenar.cl\/index.php?rest_route=\/wp\/v2\/media\/83248"}],"wp:attachment":[{"href":"https:\/\/www.radioamigavallenar.cl\/index.php?rest_route=%2Fwp%2Fv2%2Fmedia&parent=83247"}],"wp:term":[{"taxonomy":"category","embeddable":true,"href":"https:\/\/www.radioamigavallenar.cl\/index.php?rest_route=%2Fwp%2Fv2%2Fcategories&post=83247"},{"taxonomy":"post_tag","embeddable":true,"href":"https:\/\/www.radioamigavallenar.cl\/index.php?rest_route=%2Fwp%2Fv2%2Ftags&post=83247"}],"curies":[{"name":"wp","href":"https:\/\/api.w.org\/{rel}","templated":true}]}}