{"id":83241,"date":"2024-07-15T10:05:27","date_gmt":"2024-07-15T13:05:27","guid":{"rendered":"https:\/\/www.radioamigavallenar.cl\/?p=83241"},"modified":"2024-07-15T10:05:27","modified_gmt":"2024-07-15T13:05:27","slug":"cep-pobreza-en-chile-seria-entre-22-y-34-puntos-mayor-al-registro-oficial-si-se-actualiza-metodologia-de-gasto-por-vivienda","status":"publish","type":"post","link":"https:\/\/www.radioamigavallenar.cl\/?p=83241","title":{"rendered":"CEP: pobreza en Chile ser\u00eda entre 2,2 y 3,4 puntos mayor al registro oficial si se actualiza metodolog\u00eda de gasto por vivienda"},"content":{"rendered":"<p>De acuerdo a un informe del Centro de Estudios P\u00fablicos, la imputaci\u00f3n de la vivienda tiene una metodolog\u00eda desactualizada y por ello proponen que se considere en la base el \u00edndice de Precios de Vivienda del Banco Central. As\u00ed medida, se\u00f1alan, la pobreza por ingreso en 2015 habr\u00eda sido 13,4% en lugar de 11,2%; en 2017 de 10,9% y no 8,5%, y en 2022 de 9,1% y no de 6,5%.<\/p>\n<p>&nbsp;<\/p>\n<p>La tasa de pobreza que arroj\u00f3 la Encuesta de Caracterizaci\u00f3n Socioecon\u00f3mica Nacional (Casen) 2022 y que se conoci\u00f3 el a\u00f1o pasado sorprendi\u00f3 a todos. Seg\u00fan el sondeo, la pobreza en Chile pas\u00f3 de 10,7% en 2020 a 6,5% en la \u00faltima medici\u00f3n, en lo que constituye el menor registro hist\u00f3rico desde que hay datos comparables (1990), y tambi\u00e9n el menor n\u00famero de poblaci\u00f3n pobre (1.292.521). As\u00ed, los datos fueron a\u00fan mejores que los registrados en 2017, previo a la crisis social y a la pandemia, cuando la pobreza lleg\u00f3 a 8,5%.<\/p>\n<p>Seg\u00fan se se\u00f1al\u00f3 cuando se presentaron los resultados, una de las razones detr\u00e1s de esta baja fue el aumento de las transferencias de Estado a los sectores de menores recursos, es decir, subsidios que ayudaron a complementar los ingresos de las familias. Pero tambi\u00e9n estuvo presente el factor de la imputaci\u00f3n del alquiler, lo que gener\u00f3 debate entre los expertos.<\/p>\n<p>El alquiler imputado busca reflejar la condici\u00f3n de los hogares que ocupan una vivienda sin tener que pagar por ella. A esos hogares se les pregunta cu\u00e1nto se paga en el barrio en que viven por el arriendo de una vivienda como la que ocupan y ese monto se les suma como una fuente de ingresos.<\/p>\n<p>Precisamente, ese fue el tema que abord\u00f3 el an\u00e1lisis realizado por el Centro de Estudios P\u00fablicos (CEP) \u201cMedici\u00f3n de la pobreza en Chile: el rol del alquiler imputado\u201d y que ahond\u00f3 en el rol que ha jugado este \u00faltimo elemento.<\/p>\n<p>\u201cNuestro argumento es que en esta metodolog\u00eda existe un problema de actualizaci\u00f3n de la canasta no alimentaria (espec\u00edficamente en \u2018IPC resto\u2019), porque no incorpora el alquiler imputado. Esto ha derivado en una subestimaci\u00f3n significativa de su valor y, con ello, en una subestimaci\u00f3n de la pobreza\u201d, detalla el informe realizado por el coordinador acad\u00e9mico del CEP, Sebasti\u00e1n Izquierdo, y por Gabriel Ugarte, investigador de ese centro de estudios.<\/p>\n<p>En 2013, cuando se introdujo la metodolog\u00eda actual de medici\u00f3n, la pobreza se defini\u00f3 en relaci\u00f3n con la capacidad de los hogares para solventar un gasto referencial. El gasto referencial qued\u00f3 conformado por dos componentes: el asociado a la Canasta B\u00e1sica Alimentaria (CBA) y los \u201cotros\u201d gastos. En estos \u00faltimos se incluy\u00f3 un \u201calquiler imputado\u201d, que es un componente contable. Este corresponde al arriendo de mercado que tendr\u00edan que pagar aquellos hogares que tienen casa propia, si no la tuvieran. Ese gasto es el que no se ha ido actualizando, dice este informe.<\/p>\n<p>En ese contexto, Izquierdo menciona que \u201cnosotros identificamos un problema en c\u00f3mo se ha venido actualizando el alquiler imputado desde la \u00faltima vez que se calcul\u00f3 en 2012. Esto, porque a las familias se les imputa un ingreso ficticio\u201d.<\/p>\n<p>En su an\u00e1lisis sugieren que se utilice el \u00cdndice de Precios de la Vivienda (IPV) del Banco Central, el \u201ccual mide los precios de las transacciones efectivas de compraventa de propiedades habitacionales a nivel nacional con datos administrativos\u201d, sostiene el informe.<\/p>\n<p>&nbsp;<\/p>\n<p>Fuente: <a href=\"https:\/\/www.latercera.com\/pulso\/noticia\/cep-pobreza-en-chile-seria-entre-22-y-34-puntos-mayor-al-registro-oficial-si-se-actualiza-metodologia-de-gasto-por-vivienda\/XOOFSGOHV5BTLOTAEKMFMQFBDE\/\" target=\"_blank\" rel=\"noopener\">La Tercera<\/a><\/p>\n","protected":false},"excerpt":{"rendered":"<p>De acuerdo a un informe del Centro de Estudios P\u00fablicos, la imputaci\u00f3n de la vivienda tiene una metodolog\u00eda desactualizada y por ello proponen que se&hellip; <\/p>\n","protected":false},"author":6,"featured_media":83242,"comment_status":"closed","ping_status":"closed","sticky":false,"template":"","format":"standard","meta":{"footnotes":""},"categories":[37],"tags":[],"class_list":["post-83241","post","type-post","status-publish","format-standard","has-post-thumbnail","hentry","category-nacional"],"_links":{"self":[{"href":"https:\/\/www.radioamigavallenar.cl\/index.php?rest_route=\/wp\/v2\/posts\/83241","targetHints":{"allow":["GET"]}}],"collection":[{"href":"https:\/\/www.radioamigavallenar.cl\/index.php?rest_route=\/wp\/v2\/posts"}],"about":[{"href":"https:\/\/www.radioamigavallenar.cl\/index.php?rest_route=\/wp\/v2\/types\/post"}],"author":[{"embeddable":true,"href":"https:\/\/www.radioamigavallenar.cl\/index.php?rest_route=\/wp\/v2\/users\/6"}],"replies":[{"embeddable":true,"href":"https:\/\/www.radioamigavallenar.cl\/index.php?rest_route=%2Fwp%2Fv2%2Fcomments&post=83241"}],"version-history":[{"count":1,"href":"https:\/\/www.radioamigavallenar.cl\/index.php?rest_route=\/wp\/v2\/posts\/83241\/revisions"}],"predecessor-version":[{"id":83243,"href":"https:\/\/www.radioamigavallenar.cl\/index.php?rest_route=\/wp\/v2\/posts\/83241\/revisions\/83243"}],"wp:featuredmedia":[{"embeddable":true,"href":"https:\/\/www.radioamigavallenar.cl\/index.php?rest_route=\/wp\/v2\/media\/83242"}],"wp:attachment":[{"href":"https:\/\/www.radioamigavallenar.cl\/index.php?rest_route=%2Fwp%2Fv2%2Fmedia&parent=83241"}],"wp:term":[{"taxonomy":"category","embeddable":true,"href":"https:\/\/www.radioamigavallenar.cl\/index.php?rest_route=%2Fwp%2Fv2%2Fcategories&post=83241"},{"taxonomy":"post_tag","embeddable":true,"href":"https:\/\/www.radioamigavallenar.cl\/index.php?rest_route=%2Fwp%2Fv2%2Ftags&post=83241"}],"curies":[{"name":"wp","href":"https:\/\/api.w.org\/{rel}","templated":true}]}}