{"id":83163,"date":"2024-07-11T00:54:03","date_gmt":"2024-07-11T03:54:03","guid":{"rendered":"https:\/\/www.radioamigavallenar.cl\/?p=83163"},"modified":"2024-07-11T00:54:47","modified_gmt":"2024-07-11T03:54:47","slug":"senador-rafael-prohens-senala-este-gobierno-quiere-sepultar-a-enami","status":"publish","type":"post","link":"https:\/\/www.radioamigavallenar.cl\/?p=83163","title":{"rendered":"Senador Rafael Prohens:  se\u00f1ala Este Gobierno quiere sepultar a ENAMI"},"content":{"rendered":"<header class=\"entry-header-outer\">\n<div class=\"entry-header\">\n<h1 class=\"post-title entry-title\"><\/h1>\n<\/div>\n<\/header>\n<div id=\"share-buttons-top\" class=\"share-buttons share-buttons-top\">\n<div class=\"share-links icons-only\"><\/div>\n<\/div>\n<div class=\"entry-content entry clearfix\">\n<p>El senador por Atacama y miembro de la Comisi\u00f3n de Miner\u00eda y Energ\u00eda del Senado, Rafael Prohens, se refiri\u00f3 esta ma\u00f1ana a la intenci\u00f3n por parte de Codelco de comprar el 10% de Quebrada Blanca, principal activo de ENAMI. \u201cEs muy mala la noticia que recibimos ayer, la Empresa Nacional de Miner\u00eda queda sin respaldo hacia adelante y queda sin garant\u00eda que le permita negociar sus cr\u00e9ditos a futuro, con la finalidad de poder salir adelante de la crisis\u201d, dijo Prohens.<\/p>\n<p>Al respecto, el senador RN apunt\u00f3 a la responsabilidad del Ejecutivo y agreg\u00f3 que ante las malas decisiones que se est\u00e1n tomando quedar\u00eda en evidencia que este gobierno no va a ayudar a ENAMI. \u201cCerr\u00f3 la fundici\u00f3n anticipadamente, hoy quiere vender el \u00fanico activo de la empresa(\u2026) Con esto, la est\u00e1 sepultando y le est\u00e1 dando una bofetada a los peque\u00f1os y medianos mineros\u201d, enfatiz\u00f3.<\/p>\n<p>Seg\u00fan Prohens, \u201cel presidente Gabriel Boric se comprometi\u00f3 con los trabajadores a capitalizar a ENAMI, no cerrar la fundici\u00f3n y fortalecerla, va por el camino contrario a lo que \u00e9l le prometi\u00f3\u201d, agregando que, \u201cno es de extra\u00f1ar si el d\u00eda de ma\u00f1ana las pertenencias de litio que tiene ENAMI terminan en manos de CODELCO\u201d, la que a juicio del parlamentario \u201ces una empresa deficiente.\u201d<\/p>\n<p>\u201cHoy, no conforme con lo de SQM, quiere \u2018expropiar\u2019 lo que son el 10% de Quebrada Blanca ante la situaci\u00f3n de debilidad que tiene ENAMI. Esto es algo que nosotros no vamos a permitir y creo que el Gobierno est\u00e1 incubando un movimiento de los peque\u00f1os y medianos mineros que no sabemos d\u00f3nde puede terminar\u201d, puntualiz\u00f3 Prohens.<\/p>\n<\/div>\n","protected":false},"excerpt":{"rendered":"<p>El senador por Atacama y miembro de la Comisi\u00f3n de Miner\u00eda y Energ\u00eda del Senado, Rafael Prohens, se refiri\u00f3 esta ma\u00f1ana a la intenci\u00f3n por&hellip; <\/p>\n","protected":false},"author":5,"featured_media":83164,"comment_status":"closed","ping_status":"closed","sticky":false,"template":"","format":"standard","meta":{"footnotes":""},"categories":[38],"tags":[],"class_list":["post-83163","post","type-post","status-publish","format-standard","has-post-thumbnail","hentry","category-portada-regional"],"_links":{"self":[{"href":"https:\/\/www.radioamigavallenar.cl\/index.php?rest_route=\/wp\/v2\/posts\/83163","targetHints":{"allow":["GET"]}}],"collection":[{"href":"https:\/\/www.radioamigavallenar.cl\/index.php?rest_route=\/wp\/v2\/posts"}],"about":[{"href":"https:\/\/www.radioamigavallenar.cl\/index.php?rest_route=\/wp\/v2\/types\/post"}],"author":[{"embeddable":true,"href":"https:\/\/www.radioamigavallenar.cl\/index.php?rest_route=\/wp\/v2\/users\/5"}],"replies":[{"embeddable":true,"href":"https:\/\/www.radioamigavallenar.cl\/index.php?rest_route=%2Fwp%2Fv2%2Fcomments&post=83163"}],"version-history":[{"count":1,"href":"https:\/\/www.radioamigavallenar.cl\/index.php?rest_route=\/wp\/v2\/posts\/83163\/revisions"}],"predecessor-version":[{"id":83165,"href":"https:\/\/www.radioamigavallenar.cl\/index.php?rest_route=\/wp\/v2\/posts\/83163\/revisions\/83165"}],"wp:featuredmedia":[{"embeddable":true,"href":"https:\/\/www.radioamigavallenar.cl\/index.php?rest_route=\/wp\/v2\/media\/83164"}],"wp:attachment":[{"href":"https:\/\/www.radioamigavallenar.cl\/index.php?rest_route=%2Fwp%2Fv2%2Fmedia&parent=83163"}],"wp:term":[{"taxonomy":"category","embeddable":true,"href":"https:\/\/www.radioamigavallenar.cl\/index.php?rest_route=%2Fwp%2Fv2%2Fcategories&post=83163"},{"taxonomy":"post_tag","embeddable":true,"href":"https:\/\/www.radioamigavallenar.cl\/index.php?rest_route=%2Fwp%2Fv2%2Ftags&post=83163"}],"curies":[{"name":"wp","href":"https:\/\/api.w.org\/{rel}","templated":true}]}}