{"id":83154,"date":"2024-07-11T00:32:09","date_gmt":"2024-07-11T03:32:09","guid":{"rendered":"https:\/\/www.radioamigavallenar.cl\/?p=83154"},"modified":"2024-07-10T23:39:30","modified_gmt":"2024-07-11T02:39:30","slug":"chanaral-autor-de-delito-de-robo-a-local-comercial-quedo-en-prision-preventiva","status":"publish","type":"post","link":"https:\/\/www.radioamigavallenar.cl\/?p=83154","title":{"rendered":"Cha\u00f1aral: autor de delito de robo a local comercial qued\u00f3 en prisi\u00f3n preventiva"},"content":{"rendered":"<p>&nbsp;<\/p>\n<p>&nbsp;<\/p>\n<p><b><i>Imputado fue detenido por Carabineros en los momentos en que abandonada el recinto del que hab\u00eda sustra\u00eddo especies.\u00a0<\/i><\/b><\/p>\n<p>&nbsp;<\/p>\n<p><span style=\"font-weight: 400;\">Bajo la medida cautelar de prisi\u00f3n preventiva qued\u00f3 un detenido en contra de quien se investiga su participaci\u00f3n en un delito consumado de robo en lugar no habitado.<\/span><\/p>\n<p><span style=\"font-weight: 400;\">Los antecedentes de esta causa los argument\u00f3 en la audiencia el fiscal jefe de esta comuna, Marco Arenas, quien indic\u00f3 que el imputado accedi\u00f3 a un local comercial ubicado en las inmediaciones de la ruta 5 Norte, ocasi\u00f3n en que subi\u00f3 a la techumbre y utilizando una herramienta tipo \u201cNapole\u00f3n\u201d abri\u00f3 un forado por el que ingres\u00f3 a la sala de venta con \u00e1nimo de lucro y con la finalidad de sustraer especies.<\/span><\/p>\n<p><span style=\"font-weight: 400;\">\u201cDe acuerdo con la informaci\u00f3n contenida en la carpeta investigativa de esta causa, el detenido gener\u00f3 desorden en el local comercial al buscar especies de valor, sustrayendo finalmente botellas de agua dispuestas para la venta las que acopi\u00f3 en el techo del recinto afectado por este delito\u201d, dijo el fiscal.<\/span><\/p>\n<p><span style=\"font-weight: 400;\">De acuerdo con lo se\u00f1alado en la audiencia fueron vecinos y testigos del il\u00edcito los que se comunicaron con personal de Carabineros de la Primera Comisar\u00eda de esta ciudad, quienes llegaron al lugar y detuvieron al involucrado en los momentos en que abandonaba el sector con las especies robadas.<\/span><\/p>\n<p><span style=\"font-weight: 400;\">De esta manera la Fiscal\u00eda comunic\u00f3 al detenido que se abri\u00f3 una investigaci\u00f3n en su contra por el delito de robo en lugar no habitado, ocasi\u00f3n en que el fiscal Arenas solicit\u00f3 al Juez de turno imponer la medida cautelar de prisi\u00f3n preventiva por considerar al detenido un peligro para la seguridad de la sociedad.\u00a0 Petici\u00f3n que fue acogida a partir de los medios de prueba expuestos al Tribunal. \u00a0 \u00a0 \u00a0 <\/span><\/p>\n","protected":false},"excerpt":{"rendered":"<p>&nbsp; &nbsp; Imputado fue detenido por Carabineros en los momentos en que abandonada el recinto del que hab\u00eda sustra\u00eddo especies.\u00a0 &nbsp; Bajo la medida cautelar&hellip; <\/p>\n","protected":false},"author":5,"featured_media":83156,"comment_status":"closed","ping_status":"closed","sticky":false,"template":"","format":"standard","meta":{"footnotes":""},"categories":[38],"tags":[],"class_list":["post-83154","post","type-post","status-publish","format-standard","has-post-thumbnail","hentry","category-portada-regional"],"_links":{"self":[{"href":"https:\/\/www.radioamigavallenar.cl\/index.php?rest_route=\/wp\/v2\/posts\/83154","targetHints":{"allow":["GET"]}}],"collection":[{"href":"https:\/\/www.radioamigavallenar.cl\/index.php?rest_route=\/wp\/v2\/posts"}],"about":[{"href":"https:\/\/www.radioamigavallenar.cl\/index.php?rest_route=\/wp\/v2\/types\/post"}],"author":[{"embeddable":true,"href":"https:\/\/www.radioamigavallenar.cl\/index.php?rest_route=\/wp\/v2\/users\/5"}],"replies":[{"embeddable":true,"href":"https:\/\/www.radioamigavallenar.cl\/index.php?rest_route=%2Fwp%2Fv2%2Fcomments&post=83154"}],"version-history":[{"count":1,"href":"https:\/\/www.radioamigavallenar.cl\/index.php?rest_route=\/wp\/v2\/posts\/83154\/revisions"}],"predecessor-version":[{"id":83155,"href":"https:\/\/www.radioamigavallenar.cl\/index.php?rest_route=\/wp\/v2\/posts\/83154\/revisions\/83155"}],"wp:featuredmedia":[{"embeddable":true,"href":"https:\/\/www.radioamigavallenar.cl\/index.php?rest_route=\/wp\/v2\/media\/83156"}],"wp:attachment":[{"href":"https:\/\/www.radioamigavallenar.cl\/index.php?rest_route=%2Fwp%2Fv2%2Fmedia&parent=83154"}],"wp:term":[{"taxonomy":"category","embeddable":true,"href":"https:\/\/www.radioamigavallenar.cl\/index.php?rest_route=%2Fwp%2Fv2%2Fcategories&post=83154"},{"taxonomy":"post_tag","embeddable":true,"href":"https:\/\/www.radioamigavallenar.cl\/index.php?rest_route=%2Fwp%2Fv2%2Ftags&post=83154"}],"curies":[{"name":"wp","href":"https:\/\/api.w.org\/{rel}","templated":true}]}}