{"id":83152,"date":"2024-07-11T00:25:02","date_gmt":"2024-07-11T03:25:02","guid":{"rendered":"https:\/\/www.radioamigavallenar.cl\/?p=83152"},"modified":"2024-07-10T23:32:02","modified_gmt":"2024-07-11T02:32:02","slug":"fiscalia-reunio-antecedentes-y-formalizo-investigacion-por-femicidio-frustrado","status":"publish","type":"post","link":"https:\/\/www.radioamigavallenar.cl\/?p=83152","title":{"rendered":"Fiscal\u00eda reuni\u00f3 antecedentes y formaliz\u00f3 investigaci\u00f3n por femicidio frustrado"},"content":{"rendered":"<p><b><i>En la audiencia el fiscal adjunto de Copiap\u00f3, Ariel Guzm\u00e1n Moya, indic\u00f3 que el imputado desarroll\u00f3 siempre acciones de poder en contra de la v\u00edctima, propia del ciclo de violencia de g\u00e9nero. En marzo de este a\u00f1o intent\u00f3 incendiar la vivienda de la afectada.\u00a0<\/i><\/b><\/p>\n<p>&nbsp;<\/p>\n<p><span style=\"font-weight: 400;\">La Fiscal\u00eda de Atacama reformaliz\u00f3 a un imputado en contra de quien investigan delitos de violencia de g\u00e9nero por acciones cometidas en contra de su conviviente, esto luego de reunir m\u00e1s antecedentes en la investigaci\u00f3n que actualmente se encuentra vigente.<\/span><\/p>\n<p><span style=\"font-weight: 400;\">Respecto de \u00e9sta en el mes de marzo de este a\u00f1o el imputado fue detenido y sometido a la audiencia de formalizaci\u00f3n en que se presentaron cargos por los il\u00edcitos de lesiones menos graves e incendio, ocasi\u00f3n en que qued\u00f3 en prisi\u00f3n preventiva luego que la Fiscal\u00eda elevara los antecedentes a la Corte de Apelaciones de Copiap\u00f3.<\/span><\/p>\n<p><span style=\"font-weight: 400;\">A partir de esa fecha, se han desarrollado distintas diligencias que llevaron a reunir nuevos antecedentes que establecieron que la v\u00edctima era sometida a permanentes maltratos de parte del agresor, pudiendo evidenciar un c\u00edrculo de violencia de com\u00fan ocurrencia en los delitos de g\u00e9nero en que se concretan actos de poder y control sobre la afectada.<\/span><\/p>\n<p><span style=\"font-weight: 400;\">\u201cLa investigaci\u00f3n que se lleva a cabo, ante delitos que son de alta preocupaci\u00f3n para el Ministerio P\u00fablico, ha podido determinar que los maltratos de parte del imputado comenzaron incluso cuando viv\u00edan en su pa\u00eds de origen y que \u00e9stos se extendieron al llegar a Copiap\u00f3, existiendo din\u00e1micas de t\u00e9rmino y reinicio de la relaci\u00f3n pudiendo establecer la vulnerabilidad de la v\u00edctima\u201d, dijo el fiscal Guzm\u00e1n.<\/span><\/p>\n<p>&nbsp;<\/p>\n<p><span style=\"font-weight: 400;\">AUDIENCIA<\/span><\/p>\n<p><span style=\"font-weight: 400;\">Frente a esto, la Fiscal\u00eda argument\u00f3 los antecedentes y medios de prueba junto con reiterar que los hechos cometidos por el imputado en el mes de marzo, ocasi\u00f3n en que agredi\u00f3 a la v\u00edctima a quien mordi\u00f3 y prendi\u00f3 fuego a un closet y a su ropa una vez que la mujer huy\u00f3 del lugar, fueron constituidos del delito de femicidio frustrado e incendio.<\/span><\/p>\n<p><span style=\"font-weight: 400;\">\u201cLa Fiscal\u00eda recalific\u00f3 la investigaci\u00f3n por el que est\u00e1 siendo investigado el detenido a partir de las herramientas jur\u00eddicas contempladas para la persecuci\u00f3n de il\u00edcitos cometidos en el marco de la violencia de g\u00e9nero, manteni\u00e9ndose en su contra la medida cautelar de prisi\u00f3n preventiva\u201d, finaliz\u00f3 el fiscal.\u00a0\u00a0\u00a0\u00a0\u00a0\u00a0\u00a0\u00a0\u00a0\u00a0\u00a0\u00a0<\/span><\/p>\n<p><span style=\"font-weight: 400;\">\u00a0<\/span><\/p>\n<p><span style=\"font-weight: 400;\">\u00a0\u00a0<\/span><\/p>\n","protected":false},"excerpt":{"rendered":"<p>En la audiencia el fiscal adjunto de Copiap\u00f3, Ariel Guzm\u00e1n Moya, indic\u00f3 que el imputado desarroll\u00f3 siempre acciones de poder en contra de la v\u00edctima,&hellip; <\/p>\n","protected":false},"author":5,"featured_media":71978,"comment_status":"closed","ping_status":"closed","sticky":false,"template":"","format":"standard","meta":{"footnotes":""},"categories":[38],"tags":[],"class_list":["post-83152","post","type-post","status-publish","format-standard","has-post-thumbnail","hentry","category-portada-regional"],"_links":{"self":[{"href":"https:\/\/www.radioamigavallenar.cl\/index.php?rest_route=\/wp\/v2\/posts\/83152","targetHints":{"allow":["GET"]}}],"collection":[{"href":"https:\/\/www.radioamigavallenar.cl\/index.php?rest_route=\/wp\/v2\/posts"}],"about":[{"href":"https:\/\/www.radioamigavallenar.cl\/index.php?rest_route=\/wp\/v2\/types\/post"}],"author":[{"embeddable":true,"href":"https:\/\/www.radioamigavallenar.cl\/index.php?rest_route=\/wp\/v2\/users\/5"}],"replies":[{"embeddable":true,"href":"https:\/\/www.radioamigavallenar.cl\/index.php?rest_route=%2Fwp%2Fv2%2Fcomments&post=83152"}],"version-history":[{"count":1,"href":"https:\/\/www.radioamigavallenar.cl\/index.php?rest_route=\/wp\/v2\/posts\/83152\/revisions"}],"predecessor-version":[{"id":83153,"href":"https:\/\/www.radioamigavallenar.cl\/index.php?rest_route=\/wp\/v2\/posts\/83152\/revisions\/83153"}],"wp:featuredmedia":[{"embeddable":true,"href":"https:\/\/www.radioamigavallenar.cl\/index.php?rest_route=\/wp\/v2\/media\/71978"}],"wp:attachment":[{"href":"https:\/\/www.radioamigavallenar.cl\/index.php?rest_route=%2Fwp%2Fv2%2Fmedia&parent=83152"}],"wp:term":[{"taxonomy":"category","embeddable":true,"href":"https:\/\/www.radioamigavallenar.cl\/index.php?rest_route=%2Fwp%2Fv2%2Fcategories&post=83152"},{"taxonomy":"post_tag","embeddable":true,"href":"https:\/\/www.radioamigavallenar.cl\/index.php?rest_route=%2Fwp%2Fv2%2Ftags&post=83152"}],"curies":[{"name":"wp","href":"https:\/\/api.w.org\/{rel}","templated":true}]}}