{"id":83148,"date":"2024-07-11T00:20:11","date_gmt":"2024-07-11T03:20:11","guid":{"rendered":"https:\/\/www.radioamigavallenar.cl\/?p=83148"},"modified":"2024-07-10T23:22:49","modified_gmt":"2024-07-11T02:22:49","slug":"conversatorio-de-mesa-mujer-y-mineria-abordo-normativas-que-buscan-reducir-brechas-de-genero-y-potenciar-entornos-laborales-seguros","status":"publish","type":"post","link":"https:\/\/www.radioamigavallenar.cl\/?p=83148","title":{"rendered":"Conversatorio de Mesa Mujer y Miner\u00eda abord\u00f3 normativas que buscan reducir brechas de g\u00e9nero y potenciar entornos laborales seguros"},"content":{"rendered":"<p>&nbsp;<\/p>\n<p><span style=\"font-weight: 400;\">El pasado 4 de julio, la Mesa Mujer y Miner\u00eda desarrollo un conversatorio para capacitar a trabajadores y trabajadoras de dicha industria en diversas normativas que buscan reducir las brechas de g\u00e9nero, y crear entornos laborales m\u00e1s inclusivos y orientados al bienestar.\u00a0<\/span><\/p>\n<p><span style=\"font-weight: 400;\">La instancia cont\u00f3 con la participaci\u00f3n del Delegado Presidencial, Luis Pino; la Seremi de Mujer y Equidad de G\u00e9nero, Fabiola Gallardo; el Seremi de Miner\u00eda, Juan Carlos Pe\u00f1a; el seremi del Trabajo y Previsi\u00f3n Social, Jonathan Pa\u00e9z; y la directora regional de Sence, Fernanda Medina.\u00a0<\/span><\/p>\n<p><span style=\"font-weight: 400;\">En ella, se abordaron tres normativas clave para avanzar en entorno equitativos y que favorezcan la conciliaci\u00f3n. Por un lado, la <\/span><b>Ley de 40 horas<\/b><span style=\"font-weight: 400;\">, que entr\u00f3 en vigor en el mes de abril y que buscar reducir gradualmente la jornada de trabajadores y trabajadoras; la <\/span><b>Ley<\/b> <b>Karin<\/b><span style=\"font-weight: 400;\">, que establece un marco legal para prevenir y sancionar el acoso laboral; y la <\/span><b>norma chilena NCh 326<\/b><span style=\"font-weight: 400;\">2, que da cuenta de los requisitos que debe cumplir un sistema de gesti\u00f3n para la igualdad de g\u00e9nero y conciliaci\u00f3n de la vida laboral, familiar y personal.<\/span><b><\/b><\/p>\n<p>&nbsp;<\/p>\n<p><span style=\"font-weight: 400;\">La seremi de la Mujer y Equidad de G\u00e9nero, Fabiola Gallardo, valor\u00f3 la oportunidad de poder discutir sobre la importancia de implementar estas leyes en los espacios mineros. \u201cCon estas normativas, podemos promover lugar de trabajo m\u00e1s igualitarios e inclusivos, libres de violencias, y que coordinen, de buena manera, la vida laboral, personal y familiar\u201d, sostuvo.\u00a0<\/span><\/p>\n<p><span style=\"font-weight: 400;\">Adem\u00e1s, se\u00f1al\u00f3 que esta actividad, desarrollada en el marco de la Mesa Mujer y Miner\u00eda, \u201cbusca promover los avances legislativos que el Gobierno del Presidente Boric ha llevado adelante, poniendo \u00e9nfasis en c\u00f3mo las diversas empresas pueden aplicar pol\u00edticas de corresponsabilidad, prevenci\u00f3n en violencia y desarrollo de las mujeres en este rubro\u201d, agreg\u00f3.\u00a0<\/span><\/p>\n<p><span style=\"font-weight: 400;\">Por su parte, el seremi Miner\u00eda, Juan Carlos Pe\u00f1a, indic\u00f3 que gracias al conversatorio \u201cpudimos conocer y analizar los beneficios de implementar la Ley de 40 horas, as\u00ed como revisar los aspectos claves de la Ley Karin, que regula el acoso laboral, acoso sexual y violencia en el trabajo. Todos temas relevantes para el gobierno del Presidente Boric, cuyo compromiso es por una mejor calidad de vida\u201d.\u00a0<\/span><\/p>\n<p><span style=\"font-weight: 400;\">La Mesa Mujer y Miner\u00eda en la regi\u00f3n de Atacama es una instancia de colaboraci\u00f3n p\u00fablico-privada, que tiene por objetivo propiciar una mayor participaci\u00f3n y permanencia de las mujeres en la industria minera, as\u00ed como fomentar la equidad de g\u00e9nero y promover espacios laborales libres de violencias de g\u00e9nero. Todo para contribuir a una mayor igualdad de oportunidades en la industria de la regi\u00f3n.\u00a0<\/span><\/p>\n<p>&nbsp;<\/p>\n","protected":false},"excerpt":{"rendered":"<p>&nbsp; El pasado 4 de julio, la Mesa Mujer y Miner\u00eda desarrollo un conversatorio para capacitar a trabajadores y trabajadoras de dicha industria en diversas&hellip; <\/p>\n","protected":false},"author":5,"featured_media":83149,"comment_status":"closed","ping_status":"closed","sticky":false,"template":"","format":"standard","meta":{"footnotes":""},"categories":[7],"tags":[],"class_list":["post-83148","post","type-post","status-publish","format-standard","has-post-thumbnail","hentry","category-atacama"],"_links":{"self":[{"href":"https:\/\/www.radioamigavallenar.cl\/index.php?rest_route=\/wp\/v2\/posts\/83148","targetHints":{"allow":["GET"]}}],"collection":[{"href":"https:\/\/www.radioamigavallenar.cl\/index.php?rest_route=\/wp\/v2\/posts"}],"about":[{"href":"https:\/\/www.radioamigavallenar.cl\/index.php?rest_route=\/wp\/v2\/types\/post"}],"author":[{"embeddable":true,"href":"https:\/\/www.radioamigavallenar.cl\/index.php?rest_route=\/wp\/v2\/users\/5"}],"replies":[{"embeddable":true,"href":"https:\/\/www.radioamigavallenar.cl\/index.php?rest_route=%2Fwp%2Fv2%2Fcomments&post=83148"}],"version-history":[{"count":2,"href":"https:\/\/www.radioamigavallenar.cl\/index.php?rest_route=\/wp\/v2\/posts\/83148\/revisions"}],"predecessor-version":[{"id":83151,"href":"https:\/\/www.radioamigavallenar.cl\/index.php?rest_route=\/wp\/v2\/posts\/83148\/revisions\/83151"}],"wp:featuredmedia":[{"embeddable":true,"href":"https:\/\/www.radioamigavallenar.cl\/index.php?rest_route=\/wp\/v2\/media\/83149"}],"wp:attachment":[{"href":"https:\/\/www.radioamigavallenar.cl\/index.php?rest_route=%2Fwp%2Fv2%2Fmedia&parent=83148"}],"wp:term":[{"taxonomy":"category","embeddable":true,"href":"https:\/\/www.radioamigavallenar.cl\/index.php?rest_route=%2Fwp%2Fv2%2Fcategories&post=83148"},{"taxonomy":"post_tag","embeddable":true,"href":"https:\/\/www.radioamigavallenar.cl\/index.php?rest_route=%2Fwp%2Fv2%2Ftags&post=83148"}],"curies":[{"name":"wp","href":"https:\/\/api.w.org\/{rel}","templated":true}]}}