{"id":83135,"date":"2024-07-10T13:15:57","date_gmt":"2024-07-10T16:15:57","guid":{"rendered":"https:\/\/www.radioamigavallenar.cl\/?p=83135"},"modified":"2024-07-10T13:15:57","modified_gmt":"2024-07-10T16:15:57","slug":"gobierno-anuncia-veto-a-proyecto-de-elecciones-en-dos-dias-tras-rechazo-de-informe","status":"publish","type":"post","link":"https:\/\/www.radioamigavallenar.cl\/?p=83135","title":{"rendered":"Gobierno anuncia veto a proyecto de elecciones en dos d\u00edas tras rechazo de informe"},"content":{"rendered":"<section class=\"enc-art\">\n<div class=\"titular\">\n<p class=\"baj\">El ministro Elizalde se\u00f1al\u00f3 que la medida buscar\u00e1 establecer una \u00absanci\u00f3n a los ciudadanos que no cumplan con la obligaci\u00f3n\u00bb de votar en octubre.<\/p>\n<div class=\"cont-credits\">\n<p class=\"author\">\n<\/div>\n<\/div>\n<\/section>\n<section class=\"art-content\">\n<div class=\"CUERPO\">\n<p>El ministro secretario general de la Presidencia,\u00a0<a href=\"https:\/\/www.24horas.cl\/24horas\/site\/tag\/port\/all\/tagport_239_1.html\" target=\"_blank\" rel=\"noopener\"><strong>\u00c1lvaro Elizalde<\/strong><\/a>, anunci\u00f3 este mi\u00e9rcoles que el Gobierno\u00a0<strong>vetar\u00e1 el proyecto de elecciones en dos d\u00edas.\u00a0<\/strong><\/p>\n<p>\u00abEl Presidente de la Rep\u00fablica ha decidido que como Gobierno vamos a vetar esta iniciativa (&#8230;) para establecer una\u00a0<strong>sanci\u00f3n a los ciudadanos que no cumplan con la obligaci\u00f3n constitucional de participar en las elecciones\u00bb,<\/strong>\u00a0parti\u00f3 se\u00f1alando.<\/p>\n<p>&nbsp;<\/p>\n<div class=\"prontus-card-container\">\n<div class=\"prontus-card-content\" data-ts=\"20240709203952\" data-prontus-id=\"24horas\">\n<div class=\"box-dest box-horizontal\">\n<div class=\"cont-txt\">\n<h3 class=\"tit\">Senado rechaz\u00f3 informe de comisi\u00f3n mixta sobre elecciones en dos d\u00edas<\/h3>\n<\/div>\n<\/div>\n<\/div>\n<\/div>\n<p>&nbsp;<\/p>\n<p>La decisi\u00f3n del Mandatario Gabriel Boric fue consecuencia del\u00a0<strong>rechazo del Senado al informe de la comisi\u00f3n mixta<\/strong>\u00a0sobre el proyecto de elecciones en dos d\u00edas, quedando lista la iniciativa para<strong>\u00a0ser despachada sin una sanci\u00f3n para quienes no acudan a votar en los comicios de octubre<\/strong>, pese a que el voto es obligatorio.<\/p>\n<div class=\"banner-full\">\n<div class=\"ad-24h-slot banner-plain banner-responsive\" data-adunit=\"24h_middle2_art\">\n<div id=\"gpt_unit_\/317342475\/24horas\/24h_middle2_art_0\" data-google-query-id=\"CNOLqozunIcDFeKwlQIdLoEB5Q\">\n<div id=\"google_ads_iframe_\/317342475\/24horas\/24h_middle2_art_0__container__\">\n<div id=\"inArticle_1\" class=\"st-placement inArticle_1 inArticle\">\n<div class=\"st-adunit st-adunit-tagged st-reset st-show\"><\/div>\n<\/div>\n<p><iframe id=\"google_ads_iframe_\/317342475\/24horas\/24h_middle2_art_0\" tabindex=\"0\" title=\"3rd party ad content\" name=\"google_ads_iframe_\/317342475\/24horas\/24h_middle2_art_0\" width=\"1\" height=\"1\" frameborder=\"0\" marginwidth=\"0\" marginheight=\"0\" scrolling=\"no\" aria-label=\"Advertisement\" data-load-complete=\"true\" data-google-container-id=\"6\" data-mce-fragment=\"1\"><\/iframe><\/div>\n<\/div>\n<\/div>\n<\/div>\n<p>Concretamente, dicho informe\u00a0<strong>planteaba rebajar las multas para dejarlas entre 0,5 y 2 UTM ($33.000 a $131.000)<\/strong>. Adem\u00e1s, disminu\u00eda el reembolso por voto de $1.500 a $975, aunque con una bonificaci\u00f3n del 25% en el caso de las candidatas mujeres.<\/p>\n<p>&nbsp;<\/p>\n<div class=\"prontus-card-container\">\n<div class=\"prontus-card-content\" data-ts=\"20240409190158\" data-prontus-id=\"24horas\">\n<div class=\"box-dest box-horizontal\">\n<div class=\"cont-txt\"><\/div>\n<\/div>\n<\/div>\n<\/div>\n<p>&nbsp;<\/p>\n<p>Si bien\u00a0<strong>Elizalde no inform\u00f3 qu\u00e9 tipo de veto ser\u00e1 aplicado<\/strong>, indic\u00f3 que la medida ser\u00e1 presentada una vez que el Gobierno<strong>\u00a0\u00abreciba el oficio del Congreso Nacional. Vamos a trabajar los detalles t\u00e9cnicos durante la semana distrital\u00bb.\u00a0<\/strong><\/p>\n<p>\u00abHay una serie de aspectos que deber\u00e1n ser considerados para que la ley quede en forma y, de esa manera,\u00a0<strong>consagrar la obligaci\u00f3n para la participaci\u00f3n en las elecciones conforme lo establece el mandao constitucional\u00bb<\/strong>, asever\u00f3.<\/p>\n<\/div>\n<\/section>\n","protected":false},"excerpt":{"rendered":"<p>El ministro Elizalde se\u00f1al\u00f3 que la medida buscar\u00e1 establecer una \u00absanci\u00f3n a los ciudadanos que no cumplan con la obligaci\u00f3n\u00bb de votar en octubre. El&hellip; <\/p>\n","protected":false},"author":5,"featured_media":83136,"comment_status":"closed","ping_status":"closed","sticky":false,"template":"","format":"standard","meta":{"footnotes":""},"categories":[37],"tags":[],"class_list":["post-83135","post","type-post","status-publish","format-standard","has-post-thumbnail","hentry","category-nacional"],"_links":{"self":[{"href":"https:\/\/www.radioamigavallenar.cl\/index.php?rest_route=\/wp\/v2\/posts\/83135","targetHints":{"allow":["GET"]}}],"collection":[{"href":"https:\/\/www.radioamigavallenar.cl\/index.php?rest_route=\/wp\/v2\/posts"}],"about":[{"href":"https:\/\/www.radioamigavallenar.cl\/index.php?rest_route=\/wp\/v2\/types\/post"}],"author":[{"embeddable":true,"href":"https:\/\/www.radioamigavallenar.cl\/index.php?rest_route=\/wp\/v2\/users\/5"}],"replies":[{"embeddable":true,"href":"https:\/\/www.radioamigavallenar.cl\/index.php?rest_route=%2Fwp%2Fv2%2Fcomments&post=83135"}],"version-history":[{"count":1,"href":"https:\/\/www.radioamigavallenar.cl\/index.php?rest_route=\/wp\/v2\/posts\/83135\/revisions"}],"predecessor-version":[{"id":83137,"href":"https:\/\/www.radioamigavallenar.cl\/index.php?rest_route=\/wp\/v2\/posts\/83135\/revisions\/83137"}],"wp:featuredmedia":[{"embeddable":true,"href":"https:\/\/www.radioamigavallenar.cl\/index.php?rest_route=\/wp\/v2\/media\/83136"}],"wp:attachment":[{"href":"https:\/\/www.radioamigavallenar.cl\/index.php?rest_route=%2Fwp%2Fv2%2Fmedia&parent=83135"}],"wp:term":[{"taxonomy":"category","embeddable":true,"href":"https:\/\/www.radioamigavallenar.cl\/index.php?rest_route=%2Fwp%2Fv2%2Fcategories&post=83135"},{"taxonomy":"post_tag","embeddable":true,"href":"https:\/\/www.radioamigavallenar.cl\/index.php?rest_route=%2Fwp%2Fv2%2Ftags&post=83135"}],"curies":[{"name":"wp","href":"https:\/\/api.w.org\/{rel}","templated":true}]}}