{"id":83123,"date":"2024-07-10T00:11:16","date_gmt":"2024-07-10T03:11:16","guid":{"rendered":"https:\/\/www.radioamigavallenar.cl\/?p=83123"},"modified":"2024-07-10T00:11:16","modified_gmt":"2024-07-10T03:11:16","slug":"tierra-amarilla-fiscalia-solicito-y-obtuvo-prision-preventiva-de-exalcalde-suplente","status":"publish","type":"post","link":"https:\/\/www.radioamigavallenar.cl\/?p=83123","title":{"rendered":"Tierra Amarilla: Fiscal\u00eda solicit\u00f3 y obtuvo prisi\u00f3n preventiva de exalcalde suplente"},"content":{"rendered":"<p><b><i>En pleno desarrollo de la audiencia de Juicio Oral en su contra el Ministerio P\u00fabico pidi\u00f3 la modificaci\u00f3n de la medida cautelar de arresto domiciliario que pesaba en su contra, luego que el acusado lo incumpliera en reiteradas ocasiones.\u00a0<\/i><\/b><\/p>\n<p>&nbsp;<\/p>\n<p><span style=\"font-weight: 400;\">Luego de dos meses de desarrollo de la audiencia de Juicio Oral por el caso denominado \u201cOperaci\u00f3n Pureza\u201d en que la Fiscal\u00eda de Atacama acus\u00f3 delitos de fraude al fisco, cohecho y soborno. Este martes hubo importantes novedades respecto del exalcalde suplente de la comuna de Tierra Amarilla, las que dicen relaci\u00f3n con su medida cautelar.<\/span><\/p>\n<p><span style=\"font-weight: 400;\">De acuerdo con lo conocido en el inicio de la audiencia de juicio, el fiscal a cargo de argumentar los antecedentes de la investigaci\u00f3n, Luis Miranda Flores, solicit\u00f3 a los Jueces del Tribunal Oral el cambio de medida cautelar en contra del exedil, Mario Morales, debido a evidencia que demostr\u00f3 que el acusado incumpli\u00f3 el arresto domiciliario que pesaba sobre \u00e9l en reiteradas ocasiones. Con ello, el fiscal argument\u00f3 los medios de prueba y solicit\u00f3 que a partir de ahora dicha cautelar fuera modificada por la de prisi\u00f3n preventiva, petici\u00f3n que fue acogida por los Jueces que integran la sala en que se realiza el juicio.<\/span><\/p>\n<p><span style=\"font-weight: 400;\">\u201cEste martes la Fiscal\u00eda solicit\u00f3 al Tribunal fijar una audiencia de revisi\u00f3n de cautelares respecto de Mario Morales dado que se advirtieron distintos incumplimientos de su arresto domiciliario, sumado a un episodio flagrante donde \u00e9l se encontraba al margen de la cautelar que estaba obligado a cumplir. En la dicha audiencia el Tribunal valor\u00f3 los antecedentes de la Fiscal\u00eda, por lo que el acusado deber\u00e1 cumplir desde ahora prisi\u00f3n preventiva en la c\u00e1rcel de Copiap\u00f3\u201d, indic\u00f3 el fiscal Luis Miranda Flores.\u00a0\u00a0<\/span><\/p>\n<p>&nbsp;<\/p>\n<p><span style=\"font-weight: 400;\">AUDIENCIA<\/span><\/p>\n<p><span style=\"font-weight: 400;\">Respecto del desarrollo del juicio el persecutor indic\u00f3 que en estos meses prestaron declaraci\u00f3n los acusados en esta causa, adem\u00e1s de los funcionarios policiales que tuvieron participaci\u00f3n en las diligencias investigativas que orden\u00f3 la Fiscal\u00eda destinadas para establecer la actuaci\u00f3n individual de los acusados y la manera de operar para la comisi\u00f3n de los delitos.<\/span><\/p>\n<p><span style=\"font-weight: 400;\">\u201cA partir de esta semana la Fiscal\u00eda de Atacama presentar\u00e1 a los testigos civiles de esta investigaci\u00f3n, cuyos testimonios consideramos que son relevantes para acreditar los delitos indagados. Hasta el momento se ha podido presentar los medios de prueba con los que se cuenta, restando a\u00fan varios meses para la finalizaci\u00f3n de esta audiencia\u201d, se\u00f1al\u00f3 el fiscal.\u00a0\u00a0\u00a0\u00a0<\/span><\/p>\n<p><span style=\"font-weight: 400;\">Cabe se\u00f1alar que en esta causa la Fiscal\u00eda acus\u00f3 delitos de corrupci\u00f3n en que buscar acreditar 12 hechos con montos asociados a contratos por mil 300 millones de pesos, mientras que la cifra asignada a coimas seg\u00fan lo determinado por personal de la PDI durante la investigaci\u00f3n fue del orden de los 300 millones de pesos. Caso en que se busca demostrar la participaci\u00f3n de todos los acusados en los delitos de fraude al fisco, cohecho y soborno. Adem\u00e1s de negociaci\u00f3n incompatible y obstrucci\u00f3n a la investigaci\u00f3n respecto del exedil y algunos de los funcionarios municipales investigados.<\/span><\/p>\n","protected":false},"excerpt":{"rendered":"<p>En pleno desarrollo de la audiencia de Juicio Oral en su contra el Ministerio P\u00fabico pidi\u00f3 la modificaci\u00f3n de la medida cautelar de arresto domiciliario&hellip; <\/p>\n","protected":false},"author":5,"featured_media":71978,"comment_status":"closed","ping_status":"closed","sticky":false,"template":"","format":"standard","meta":{"footnotes":""},"categories":[7],"tags":[],"class_list":["post-83123","post","type-post","status-publish","format-standard","has-post-thumbnail","hentry","category-atacama"],"_links":{"self":[{"href":"https:\/\/www.radioamigavallenar.cl\/index.php?rest_route=\/wp\/v2\/posts\/83123","targetHints":{"allow":["GET"]}}],"collection":[{"href":"https:\/\/www.radioamigavallenar.cl\/index.php?rest_route=\/wp\/v2\/posts"}],"about":[{"href":"https:\/\/www.radioamigavallenar.cl\/index.php?rest_route=\/wp\/v2\/types\/post"}],"author":[{"embeddable":true,"href":"https:\/\/www.radioamigavallenar.cl\/index.php?rest_route=\/wp\/v2\/users\/5"}],"replies":[{"embeddable":true,"href":"https:\/\/www.radioamigavallenar.cl\/index.php?rest_route=%2Fwp%2Fv2%2Fcomments&post=83123"}],"version-history":[{"count":1,"href":"https:\/\/www.radioamigavallenar.cl\/index.php?rest_route=\/wp\/v2\/posts\/83123\/revisions"}],"predecessor-version":[{"id":83124,"href":"https:\/\/www.radioamigavallenar.cl\/index.php?rest_route=\/wp\/v2\/posts\/83123\/revisions\/83124"}],"wp:featuredmedia":[{"embeddable":true,"href":"https:\/\/www.radioamigavallenar.cl\/index.php?rest_route=\/wp\/v2\/media\/71978"}],"wp:attachment":[{"href":"https:\/\/www.radioamigavallenar.cl\/index.php?rest_route=%2Fwp%2Fv2%2Fmedia&parent=83123"}],"wp:term":[{"taxonomy":"category","embeddable":true,"href":"https:\/\/www.radioamigavallenar.cl\/index.php?rest_route=%2Fwp%2Fv2%2Fcategories&post=83123"},{"taxonomy":"post_tag","embeddable":true,"href":"https:\/\/www.radioamigavallenar.cl\/index.php?rest_route=%2Fwp%2Fv2%2Ftags&post=83123"}],"curies":[{"name":"wp","href":"https:\/\/api.w.org\/{rel}","templated":true}]}}