{"id":83091,"date":"2024-07-09T13:13:11","date_gmt":"2024-07-09T16:13:11","guid":{"rendered":"https:\/\/www.radioamigavallenar.cl\/?p=83091"},"modified":"2024-07-09T13:13:11","modified_gmt":"2024-07-09T16:13:11","slug":"allanamientos-simultaneos-sip-permitieron-capturar-dos-hombres-por-delito-de-robo-con-violencia","status":"publish","type":"post","link":"https:\/\/www.radioamigavallenar.cl\/?p=83091","title":{"rendered":"Allanamientos simult\u00e1neos SIP permitieron capturar dos hombres por delito de robo con violencia"},"content":{"rendered":"<p>&nbsp;<\/p>\n<p>Durante la madrugada del pasado lunes, un ciudadano de la comuna de Caldera mientras se trasladaba en direcci\u00f3n a su domicilio a plena luz del d\u00eda, fue interceptado por desconocidos, quienes lo intimidarlo con armas blancas y, trasladaron a un domicilio cercano al lugar. Tras utilizar el consumo de alcohol y drogas en el sector, sustrajeron diversas especies a la v\u00edctima, incluso los zapatos. Tras lograr huir del lugar se traslad\u00f3 hasta la Subcomisar\u00eda de Carabineros Caldera donde realiz\u00f3 la denuncia.<\/p>\n<p>Luego de tomar conocimiento el Ministerio P\u00fablico, se dispuso del trabajo de la Secci\u00f3n de Investigaci\u00f3n Policial Copiap\u00f3 SIP, con el prop\u00f3sito de identificar y detener a los autores del il\u00edcito.<\/p>\n<p>A trav\u00e9s de diligencias realizadas y el trabajo investigativo en terreno, fue posible identificar a dos de los autores del hecho, como asimismo, determinar sus domicilios, por lo que, ante la flagrancia del delito, el Magistrado de turno autoriz\u00f3 entrada y registro a domicilios de estas personas ya identificadas.<\/p>\n<p>Fue as\u00ed como durante la madrugada, personal SIP, junto al equipo GOPE Atacama y Carabineros de la Subcomisar\u00eda Caldera, realizaron un allanamiento simult\u00e1neo en poblaci\u00f3n Las Dunas, donde se logr\u00f3 la detenci\u00f3n de dos hombres, ambos con amplio prontuario delictual, identificados como G.A.C.C. de 19 a\u00f1os y W.A.G.C. de 23 a\u00f1os, recuperando en el domicilio de este \u00faltimo, las especies de la v\u00edctima.<\/p>\n<p>El Fiscal de turno dispuso que ambos sujetos fuesen presentados en control de detenci\u00f3n, siendo ampliada su detenci\u00f3n para lograr que estos sujetos eviten seguir cometiendo estos delitos.<\/p>\n","protected":false},"excerpt":{"rendered":"<p>&nbsp; Durante la madrugada del pasado lunes, un ciudadano de la comuna de Caldera mientras se trasladaba en direcci\u00f3n a su domicilio a plena luz&hellip; <\/p>\n","protected":false},"author":5,"featured_media":73415,"comment_status":"closed","ping_status":"closed","sticky":false,"template":"","format":"standard","meta":{"footnotes":""},"categories":[38],"tags":[],"class_list":["post-83091","post","type-post","status-publish","format-standard","has-post-thumbnail","hentry","category-portada-regional"],"_links":{"self":[{"href":"https:\/\/www.radioamigavallenar.cl\/index.php?rest_route=\/wp\/v2\/posts\/83091","targetHints":{"allow":["GET"]}}],"collection":[{"href":"https:\/\/www.radioamigavallenar.cl\/index.php?rest_route=\/wp\/v2\/posts"}],"about":[{"href":"https:\/\/www.radioamigavallenar.cl\/index.php?rest_route=\/wp\/v2\/types\/post"}],"author":[{"embeddable":true,"href":"https:\/\/www.radioamigavallenar.cl\/index.php?rest_route=\/wp\/v2\/users\/5"}],"replies":[{"embeddable":true,"href":"https:\/\/www.radioamigavallenar.cl\/index.php?rest_route=%2Fwp%2Fv2%2Fcomments&post=83091"}],"version-history":[{"count":1,"href":"https:\/\/www.radioamigavallenar.cl\/index.php?rest_route=\/wp\/v2\/posts\/83091\/revisions"}],"predecessor-version":[{"id":83092,"href":"https:\/\/www.radioamigavallenar.cl\/index.php?rest_route=\/wp\/v2\/posts\/83091\/revisions\/83092"}],"wp:featuredmedia":[{"embeddable":true,"href":"https:\/\/www.radioamigavallenar.cl\/index.php?rest_route=\/wp\/v2\/media\/73415"}],"wp:attachment":[{"href":"https:\/\/www.radioamigavallenar.cl\/index.php?rest_route=%2Fwp%2Fv2%2Fmedia&parent=83091"}],"wp:term":[{"taxonomy":"category","embeddable":true,"href":"https:\/\/www.radioamigavallenar.cl\/index.php?rest_route=%2Fwp%2Fv2%2Fcategories&post=83091"},{"taxonomy":"post_tag","embeddable":true,"href":"https:\/\/www.radioamigavallenar.cl\/index.php?rest_route=%2Fwp%2Fv2%2Ftags&post=83091"}],"curies":[{"name":"wp","href":"https:\/\/api.w.org\/{rel}","templated":true}]}}