{"id":83003,"date":"2024-07-05T07:04:20","date_gmt":"2024-07-05T10:04:20","guid":{"rendered":"https:\/\/www.radioamigavallenar.cl\/?p=83003"},"modified":"2024-07-05T07:04:20","modified_gmt":"2024-07-05T10:04:20","slug":"camara-aprobo-grueso-de-ayudas-economicas-pero-bolsillo-electronico-no-logro-quorum-necesario","status":"publish","type":"post","link":"https:\/\/www.radioamigavallenar.cl\/?p=83003","title":{"rendered":"C\u00e1mara aprob\u00f3 grueso de ayudas econ\u00f3micas, pero Bolsillo Electr\u00f3nico no logr\u00f3 qu\u00f3rum necesario"},"content":{"rendered":"<p>La C\u00e1mara de Diputadas y Diputados aprob\u00f3 este mi\u00e9rcoles un proyecto que incluye un paquete de beneficios econ\u00f3micos dirigido a los sectores m\u00e1s vulnerables del pa\u00eds. Sin embargo, uno de los puntos del proyecto no logr\u00f3 el qu\u00f3rum necesario y ahora deber\u00e1 ser revisado por el Senado.<\/p>\n<p>El proyecto, aunque suele estar asociado al aumento del ingreso m\u00ednimo mensual, en esta ocasi\u00f3n se concentra en otros tipos de ayudas econ\u00f3micas debido a que el salario m\u00ednimo ya fue incrementado progresivamente a 500.000 pesos desde el a\u00f1o pasado. Las medidas aprobadas incluyen un reajuste del Subsidio \u00danico Familiar (SUF) y la Asignaci\u00f3n Familiar (AF), as\u00ed como una inyecci\u00f3n de recursos al Fondo de Estabilizaci\u00f3n de Precios del Petr\u00f3leo (FEPP).<\/p>\n<h2>Beneficios y reajustes<\/h2>\n<p>La propuesta contempla un reajuste del 4,5% en la Asignaci\u00f3n Familiar y el SUF a partir del 1 de julio de 2024, junto con un aumento de los tramos de ingreso para beneficiar a m\u00e1s personas en l\u00ednea con el incremento del salario m\u00ednimo (8,7%).<\/p>\n<p>Los nuevos tramos y montos de la Asignaci\u00f3n Familiar son los siguientes:<br \/>\n\u2013 21.243 pesos por carga para ingresos mensuales hasta 586.227 pesos.<br \/>\n\u2013 13.036 pesos por carga para ingresos mensuales entre 586.227 y 856.247 pesos.<br \/>\n\u2013 4.119 pesos por carga para ingresos mensuales entre 856.247 y 1.335.450 pesos.<\/p>\n<p>Los ingresos superiores a 1.335.450 pesos no ser\u00e1n elegibles para estas asignaciones.<\/p>\n<h2>Subsidio a la Parafina<\/h2>\n<p>Adem\u00e1s, el proyecto incluye una inyecci\u00f3n de 25 millones de d\u00f3lares al Fondo de Estabilizaci\u00f3n de Precios del Petr\u00f3leo para subsidiar el costo de la parafina durante los meses de invierno, con el objetivo de mantener su precio alrededor de los 1.050 pesos por litro.<\/p>\n<p>El ministro de Hacienda, Mario Marcel, lament\u00f3 que el componente del Bolsillo Familiar Electr\u00f3nico no lograra el qu\u00f3rum necesario, criticando a parte de la oposici\u00f3n por su voto en contra. Esta medida, que habr\u00eda ayudado a controlar el precio de la parafina, no podr\u00e1 entrar en vigor de inmediato.<\/p>\n<h2>Debate y pr\u00f3xima etapa<\/h2>\n<p>El proyecto fue bien recibido por el oficialismo, especialmente por su acuerdo con la Central Unitaria de Trabajadores (CUT), destacando que los aportes ayudar\u00e1n a los sectores m\u00e1s necesitados durante el invierno sin comprometer las finanzas p\u00fablicas.<\/p>\n<p>Por su parte, la oposici\u00f3n critic\u00f3 que cerca de 500.000 personas quedar\u00edan excluidas del Bolsillo Familiar Electr\u00f3nico, lo que gener\u00f3 el rechazo de esa parte del articulado.<\/p>\n<p>El Senado ahora debe decidir si respalda la decisi\u00f3n de la C\u00e1mara o env\u00eda el tema a una comisi\u00f3n mixta para mayor discusi\u00f3n.<\/p>\n<p>&nbsp;<\/p>\n<p>Fuente: <a href=\"https:\/\/www.maray.cl\/camara-aprobo-grueso-de-ayudas-economicas-pero-bolsillo-electronico-no-logro-quorum-necesario\/\" target=\"_blank\" rel=\"noopener\">Maray.cl<\/a><\/p>\n","protected":false},"excerpt":{"rendered":"<p>La C\u00e1mara de Diputadas y Diputados aprob\u00f3 este mi\u00e9rcoles un proyecto que incluye un paquete de beneficios econ\u00f3micos dirigido a los sectores m\u00e1s vulnerables del&hellip; <\/p>\n","protected":false},"author":6,"featured_media":83004,"comment_status":"closed","ping_status":"closed","sticky":false,"template":"","format":"standard","meta":{"footnotes":""},"categories":[37],"tags":[],"class_list":["post-83003","post","type-post","status-publish","format-standard","has-post-thumbnail","hentry","category-nacional"],"_links":{"self":[{"href":"https:\/\/www.radioamigavallenar.cl\/index.php?rest_route=\/wp\/v2\/posts\/83003","targetHints":{"allow":["GET"]}}],"collection":[{"href":"https:\/\/www.radioamigavallenar.cl\/index.php?rest_route=\/wp\/v2\/posts"}],"about":[{"href":"https:\/\/www.radioamigavallenar.cl\/index.php?rest_route=\/wp\/v2\/types\/post"}],"author":[{"embeddable":true,"href":"https:\/\/www.radioamigavallenar.cl\/index.php?rest_route=\/wp\/v2\/users\/6"}],"replies":[{"embeddable":true,"href":"https:\/\/www.radioamigavallenar.cl\/index.php?rest_route=%2Fwp%2Fv2%2Fcomments&post=83003"}],"version-history":[{"count":1,"href":"https:\/\/www.radioamigavallenar.cl\/index.php?rest_route=\/wp\/v2\/posts\/83003\/revisions"}],"predecessor-version":[{"id":83005,"href":"https:\/\/www.radioamigavallenar.cl\/index.php?rest_route=\/wp\/v2\/posts\/83003\/revisions\/83005"}],"wp:featuredmedia":[{"embeddable":true,"href":"https:\/\/www.radioamigavallenar.cl\/index.php?rest_route=\/wp\/v2\/media\/83004"}],"wp:attachment":[{"href":"https:\/\/www.radioamigavallenar.cl\/index.php?rest_route=%2Fwp%2Fv2%2Fmedia&parent=83003"}],"wp:term":[{"taxonomy":"category","embeddable":true,"href":"https:\/\/www.radioamigavallenar.cl\/index.php?rest_route=%2Fwp%2Fv2%2Fcategories&post=83003"},{"taxonomy":"post_tag","embeddable":true,"href":"https:\/\/www.radioamigavallenar.cl\/index.php?rest_route=%2Fwp%2Fv2%2Ftags&post=83003"}],"curies":[{"name":"wp","href":"https:\/\/api.w.org\/{rel}","templated":true}]}}