{"id":83000,"date":"2024-07-05T07:02:38","date_gmt":"2024-07-05T10:02:38","guid":{"rendered":"https:\/\/www.radioamigavallenar.cl\/?p=83000"},"modified":"2024-07-05T07:02:38","modified_gmt":"2024-07-05T10:02:38","slug":"municipio-de-vallenar-reabre-su-oficina-de-mineria","status":"publish","type":"post","link":"https:\/\/www.radioamigavallenar.cl\/?p=83000","title":{"rendered":"Municipio de Vallenar reabre su oficina de Miner\u00eda"},"content":{"rendered":"<p>El lanzamiento de la Oficina municipal se sostuvo en la localidad de Domeyko y estuvo a cargo del coordinador Luis Vega, quien ser\u00e1 el asesor directo para los beneficiarios.<\/p>\n<p>La Ilustre municipalidad de Vallenar reabri\u00f3 su Oficina de Miner\u00eda Municipal, la cual est\u00e1 ubicada en el ex hospital Nicol\u00e1s Naranjo a cargo del Departamento de Fomento con el fin de impulsar el rubro desde la Instituci\u00f3n y generar instancias para el desarrollo de la peque\u00f1a miner\u00eda. El alcalde Armando Flores declaro estar conforme con esta apertura ya que viene a satisfacer una necesidad de la comunidad minera, la cual hizo la petici\u00f3n de la apertura de esta Oficina.<\/p>\n<p>La Oficina Municipal ofrece distintos servicios a la comunidad como asesorar en geolog\u00eda b\u00e1sica, interpretaci\u00f3n de planos, georreferenzacion, asesorar en prevenci\u00f3n de riesgo, confecci\u00f3n de contratos de arriendo por propiedades mineras y presentaci\u00f3n de manifestaciones mineras, charlas de seguridad a asociaciones y sindicatos mineros, entre otras.<\/p>\n<p>Los horarios de atenci\u00f3n son de lunes a jueves de 8:30 a 14:00 y de 14:30 a 16:00 horas. Est\u00e1 abierta para toda la comunidad y tiene un enfoque para la peque\u00f1a miner\u00eda. El coordinador a cardo de la Oficina Minera, Luis Vega declaro la importancia de este Departamento ya que nace de la necesidad de sector minero la cual solicit\u00f3 al alcalde apoyar con asesor\u00eda y asistencia.<\/p>\n<p>&nbsp;<\/p>\n<p>Fuente: <a href=\"https:\/\/www.maray.cl\/municipio-de-vallenar-reabre-su-oficina-de-mineria\/\" target=\"_blank\" rel=\"noopener\">Maray.cl<\/a><\/p>\n","protected":false},"excerpt":{"rendered":"<p>El lanzamiento de la Oficina municipal se sostuvo en la localidad de Domeyko y estuvo a cargo del coordinador Luis Vega, quien ser\u00e1 el asesor&hellip; <\/p>\n","protected":false},"author":6,"featured_media":83001,"comment_status":"closed","ping_status":"closed","sticky":false,"template":"","format":"standard","meta":{"footnotes":""},"categories":[38],"tags":[],"class_list":["post-83000","post","type-post","status-publish","format-standard","has-post-thumbnail","hentry","category-portada-regional"],"_links":{"self":[{"href":"https:\/\/www.radioamigavallenar.cl\/index.php?rest_route=\/wp\/v2\/posts\/83000","targetHints":{"allow":["GET"]}}],"collection":[{"href":"https:\/\/www.radioamigavallenar.cl\/index.php?rest_route=\/wp\/v2\/posts"}],"about":[{"href":"https:\/\/www.radioamigavallenar.cl\/index.php?rest_route=\/wp\/v2\/types\/post"}],"author":[{"embeddable":true,"href":"https:\/\/www.radioamigavallenar.cl\/index.php?rest_route=\/wp\/v2\/users\/6"}],"replies":[{"embeddable":true,"href":"https:\/\/www.radioamigavallenar.cl\/index.php?rest_route=%2Fwp%2Fv2%2Fcomments&post=83000"}],"version-history":[{"count":1,"href":"https:\/\/www.radioamigavallenar.cl\/index.php?rest_route=\/wp\/v2\/posts\/83000\/revisions"}],"predecessor-version":[{"id":83002,"href":"https:\/\/www.radioamigavallenar.cl\/index.php?rest_route=\/wp\/v2\/posts\/83000\/revisions\/83002"}],"wp:featuredmedia":[{"embeddable":true,"href":"https:\/\/www.radioamigavallenar.cl\/index.php?rest_route=\/wp\/v2\/media\/83001"}],"wp:attachment":[{"href":"https:\/\/www.radioamigavallenar.cl\/index.php?rest_route=%2Fwp%2Fv2%2Fmedia&parent=83000"}],"wp:term":[{"taxonomy":"category","embeddable":true,"href":"https:\/\/www.radioamigavallenar.cl\/index.php?rest_route=%2Fwp%2Fv2%2Fcategories&post=83000"},{"taxonomy":"post_tag","embeddable":true,"href":"https:\/\/www.radioamigavallenar.cl\/index.php?rest_route=%2Fwp%2Fv2%2Ftags&post=83000"}],"curies":[{"name":"wp","href":"https:\/\/api.w.org\/{rel}","templated":true}]}}