{"id":82989,"date":"2024-07-04T09:27:09","date_gmt":"2024-07-04T12:27:09","guid":{"rendered":"https:\/\/www.radioamigavallenar.cl\/?p=82989"},"modified":"2024-07-05T06:53:27","modified_gmt":"2024-07-05T09:53:27","slug":"destacada-participacion-de-editoriales-y-escritores-atacamenos-en-la-feria-internacional-del-libro-zicosur","status":"publish","type":"post","link":"https:\/\/www.radioamigavallenar.cl\/?p=82989","title":{"rendered":"Editoriales y escritores atacame\u00f1os destacan en la  Feria Internacional del Libro Zicosur"},"content":{"rendered":"<p>El encuentro se realiza en Antofagasta desde el 26 de junio hasta el 07 de julio, y cuenta con la participaci\u00f3n de las editoriales atacame\u00f1as \u201cTala Libros\u201d, \u201cAlicanto Azul\u201d, \u201cQhapaq \u00d1an\u201d, y el escritor Mauricio Illanes.<\/p>\n<p>&nbsp;<\/p>\n<p>Atacama es una tierra f\u00e9rtil en las letras, grandes escritores han germinado desde nuestro territorio, torn\u00e1ndose en figuras relevantes de la historia de nuestro pa\u00eds, con ejemplos hist\u00f3ricos como lo son Rosario Orrego o Jos\u00e9 Joaqu\u00edn Vallejos, entre tantos otros.<\/p>\n<p>Con esa misma impronta, escritores y editoriales regionales nos representan en una nueva versi\u00f3n de la Feria Internacional del Libro ZICOSUR Filzic2024. Se trata de las editoriales \u00abTala Libros\u00bb, \u00abAlicanto Azul\u00bb y \u00abQhapaq \u00d1an\u00bb, adem\u00e1s del escritor Mauricio Illanes, quienes han destacado en la feria internacional que se lleva a cabo en Antofagasta, y que financia el Ministerio de las Culturas, las Artes y el Patrimonio a trav\u00e9s del Fondo del Libro y la Lectura.<\/p>\n<p>La Seremi Carolina Armenakis Daher, subray\u00f3 la importancia de esta participaci\u00f3n que se enmarca en las acciones del Plan de la Lectura de Atacama, y que apunta a la promoci\u00f3n de los autores regionales y el reconocimiento de sus obras y aportes en la historia de la regi\u00f3n y fuera de ella.<\/p>\n<p>\u201cMiles de personas han visitado diariamente la feria internacional del libro Zicosur en Antofagasta, en la que estamos siendo representados por editoriales y escritores de nuestra regi\u00f3n, a quienes apoyamos con su participaci\u00f3n en el marco de las acciones del plan de la lectura. Adem\u00e1s de tener la posibilidad de dar a conocer a nuestros autores regionales y a sus obras, tambi\u00e9n han podido compartir experiencias con autores sudamericanos y coincidir con diversas autoridades, entre ellas, la ministra de las Culturas, las Artes y el Patrimonio, Carolina Arredondo Marz\u00e1n, a qui\u00e9n le obsequiaron un set de libros de autores regionales\u201d, cont\u00f3 Carolina Armenakis.<\/p>\n<p>Conversatorios, charlas, exposiciones, m\u00fasica en vivo, carnavales, son parte de la programaci\u00f3n de este encuentro literario que se extiende hasta el 07 de julio.<\/p>\n","protected":false},"excerpt":{"rendered":"<p>El encuentro se realiza en Antofagasta desde el 26 de junio hasta el 07 de julio, y cuenta con la participaci\u00f3n de las editoriales atacame\u00f1as&hellip; <\/p>\n","protected":false},"author":6,"featured_media":82990,"comment_status":"closed","ping_status":"closed","sticky":false,"template":"","format":"standard","meta":{"footnotes":""},"categories":[7],"tags":[],"class_list":["post-82989","post","type-post","status-publish","format-standard","has-post-thumbnail","hentry","category-atacama"],"_links":{"self":[{"href":"https:\/\/www.radioamigavallenar.cl\/index.php?rest_route=\/wp\/v2\/posts\/82989","targetHints":{"allow":["GET"]}}],"collection":[{"href":"https:\/\/www.radioamigavallenar.cl\/index.php?rest_route=\/wp\/v2\/posts"}],"about":[{"href":"https:\/\/www.radioamigavallenar.cl\/index.php?rest_route=\/wp\/v2\/types\/post"}],"author":[{"embeddable":true,"href":"https:\/\/www.radioamigavallenar.cl\/index.php?rest_route=\/wp\/v2\/users\/6"}],"replies":[{"embeddable":true,"href":"https:\/\/www.radioamigavallenar.cl\/index.php?rest_route=%2Fwp%2Fv2%2Fcomments&post=82989"}],"version-history":[{"count":3,"href":"https:\/\/www.radioamigavallenar.cl\/index.php?rest_route=\/wp\/v2\/posts\/82989\/revisions"}],"predecessor-version":[{"id":82993,"href":"https:\/\/www.radioamigavallenar.cl\/index.php?rest_route=\/wp\/v2\/posts\/82989\/revisions\/82993"}],"wp:featuredmedia":[{"embeddable":true,"href":"https:\/\/www.radioamigavallenar.cl\/index.php?rest_route=\/wp\/v2\/media\/82990"}],"wp:attachment":[{"href":"https:\/\/www.radioamigavallenar.cl\/index.php?rest_route=%2Fwp%2Fv2%2Fmedia&parent=82989"}],"wp:term":[{"taxonomy":"category","embeddable":true,"href":"https:\/\/www.radioamigavallenar.cl\/index.php?rest_route=%2Fwp%2Fv2%2Fcategories&post=82989"},{"taxonomy":"post_tag","embeddable":true,"href":"https:\/\/www.radioamigavallenar.cl\/index.php?rest_route=%2Fwp%2Fv2%2Ftags&post=82989"}],"curies":[{"name":"wp","href":"https:\/\/api.w.org\/{rel}","templated":true}]}}