{"id":82856,"date":"2024-07-01T12:20:25","date_gmt":"2024-07-01T15:20:25","guid":{"rendered":"https:\/\/www.radioamigavallenar.cl\/?p=82856"},"modified":"2024-07-01T12:20:25","modified_gmt":"2024-07-01T15:20:25","slug":"impulsando-el-desarrollo-cientifico-sostenible-en-regiones-iniciativas-clave-para-fortalecer-la-insercion-de-capital-humano-avanzado-2","status":"publish","type":"post","link":"https:\/\/www.radioamigavallenar.cl\/?p=82856","title":{"rendered":"Impulsando el desarrollo cient\u00edfico sostenible en regiones: Iniciativas clave para fortalecer la inserci\u00f3n de capital humano avanzado"},"content":{"rendered":"<p>&nbsp;<\/p>\n<p><span style=\"font-weight: 400;\">Destacando la importancia de fortalecer el desarrollo cient\u00edfico y tecnol\u00f3gico regional, la Vicerrectora de Investigaci\u00f3n y Postgrado de la Universidad de Atacama, Mar\u00eda Jos\u00e9 Gallardo, expuso sobre la vital importancia de atraer e insertar capital humano avanzado en las regiones. Invitada por la subsecretaria Carolina Gainza, la vicerrectora present\u00f3 en el marco de la Agenda \u00abMejor Trabajo en Investigaci\u00f3n\u00bb, un plan nacional que busca mejorar las condiciones laborales en el \u00e1mbito cient\u00edfico.<\/span><\/p>\n<p>&nbsp;<\/p>\n<p><span style=\"font-weight: 400;\">Al respecto, la Subsecretaria Carolina Gainza indic\u00f3 que \u00abEstamos muy contentas porque con la iniciativa mejor trabajo en investigaci\u00f3n damos cumplimiento a una acci\u00f3n presente en el programa del presidente Gabriel Boric y adem\u00e1s hicimos el lanzamiento de esta agenda con la presencia de la vicerrectora Mar\u00eda Jos\u00e9 Gallardo de la Universidad de Atacama que puso tambi\u00e9n la importancia de considerar a las distintas regiones del pa\u00eds en esta agenda que por supuesto est\u00e1n consideradas y as\u00ed avanzamos tambi\u00e9n en el objetivo de descentralizar la investigaci\u00f3n en Chile\u00bb.<\/span><\/p>\n<p>&nbsp;<\/p>\n<p><span style=\"font-weight: 400;\">La exposici\u00f3n de la Dra. Gallardo subray\u00f3 la necesidad de contar con doctores y doctoras en universidades y empresas a lo largo del pa\u00eds para fomentar un desarrollo cient\u00edfico sostenible. Este objetivo es crucial para cerrar las brechas territoriales y potenciar el crecimiento de regiones como Atacama, que hist\u00f3ricamente han enfrentado desaf\u00edos en la atracci\u00f3n de talento altamente calificado.<\/span><\/p>\n<p>&nbsp;<\/p>\n<p><span style=\"font-weight: 400;\">Cristian Cuevas, SEREMI de Ciencia, Tecnolog\u00eda, Conocimiento e Innovaci\u00f3n de la Macrozona Norte, destac\u00f3: \u00abCon esta agenda, estamos reduciendo las brechas territoriales que dificultan la inserci\u00f3n de doctores y doctoras en universidades y empresas a lo largo del pa\u00eds. Esto resalta la importancia de la ciencia y la tecnolog\u00eda como pilares fundamentales para el desarrollo sostenible de Chile, tal como qued\u00f3 demostrado durante la reciente visita del Presidente Gabriel Boric y la Ministra Ais\u00e9n Etcheverry a Alemania y Suecia. Estos antecedentes nos comprometen a mejorar las condiciones laborales de las trabajadoras y trabajadores del conocimiento, asegurando condiciones de trabajo digno\u00bb.<\/span><\/p>\n<p>&nbsp;<\/p>\n<p><span style=\"font-weight: 400;\">La iniciativa presentada por el ministerio busca establecer un marco y planes de acci\u00f3n que integren una perspectiva intersectorial para mejorar las condiciones laborales de todas las personas que forman parte del sistema de Ciencia, Tecnolog\u00eda, Conocimiento e Innovaci\u00f3n (CTCI). Entre las medidas propuestas se encuentran aquellas que promueven la igualdad de g\u00e9nero, reconocen las diversas trayectorias laborales en investigaci\u00f3n y abordan la conciliaci\u00f3n de la vida laboral, personal y familiar en el \u00e1mbito de I+D+i.<\/span><\/p>\n","protected":false},"excerpt":{"rendered":"<p>&nbsp; Destacando la importancia de fortalecer el desarrollo cient\u00edfico y tecnol\u00f3gico regional, la Vicerrectora de Investigaci\u00f3n y Postgrado de la Universidad de Atacama, Mar\u00eda Jos\u00e9&hellip; <\/p>\n","protected":false},"author":2,"featured_media":82857,"comment_status":"closed","ping_status":"closed","sticky":false,"template":"","format":"standard","meta":{"footnotes":""},"categories":[7],"tags":[],"class_list":["post-82856","post","type-post","status-publish","format-standard","has-post-thumbnail","hentry","category-atacama"],"_links":{"self":[{"href":"https:\/\/www.radioamigavallenar.cl\/index.php?rest_route=\/wp\/v2\/posts\/82856","targetHints":{"allow":["GET"]}}],"collection":[{"href":"https:\/\/www.radioamigavallenar.cl\/index.php?rest_route=\/wp\/v2\/posts"}],"about":[{"href":"https:\/\/www.radioamigavallenar.cl\/index.php?rest_route=\/wp\/v2\/types\/post"}],"author":[{"embeddable":true,"href":"https:\/\/www.radioamigavallenar.cl\/index.php?rest_route=\/wp\/v2\/users\/2"}],"replies":[{"embeddable":true,"href":"https:\/\/www.radioamigavallenar.cl\/index.php?rest_route=%2Fwp%2Fv2%2Fcomments&post=82856"}],"version-history":[{"count":1,"href":"https:\/\/www.radioamigavallenar.cl\/index.php?rest_route=\/wp\/v2\/posts\/82856\/revisions"}],"predecessor-version":[{"id":82858,"href":"https:\/\/www.radioamigavallenar.cl\/index.php?rest_route=\/wp\/v2\/posts\/82856\/revisions\/82858"}],"wp:featuredmedia":[{"embeddable":true,"href":"https:\/\/www.radioamigavallenar.cl\/index.php?rest_route=\/wp\/v2\/media\/82857"}],"wp:attachment":[{"href":"https:\/\/www.radioamigavallenar.cl\/index.php?rest_route=%2Fwp%2Fv2%2Fmedia&parent=82856"}],"wp:term":[{"taxonomy":"category","embeddable":true,"href":"https:\/\/www.radioamigavallenar.cl\/index.php?rest_route=%2Fwp%2Fv2%2Fcategories&post=82856"},{"taxonomy":"post_tag","embeddable":true,"href":"https:\/\/www.radioamigavallenar.cl\/index.php?rest_route=%2Fwp%2Fv2%2Ftags&post=82856"}],"curies":[{"name":"wp","href":"https:\/\/api.w.org\/{rel}","templated":true}]}}