{"id":82853,"date":"2024-07-01T12:15:57","date_gmt":"2024-07-01T15:15:57","guid":{"rendered":"https:\/\/www.radioamigavallenar.cl\/?p=82853"},"modified":"2024-07-01T12:15:57","modified_gmt":"2024-07-01T15:15:57","slug":"cuenta-publica-de-la-pdi-atacama-destaco-el-combate-al-crimen-organizado-y-la-incautacion-de-dos-toneladas-de-droga","status":"publish","type":"post","link":"https:\/\/www.radioamigavallenar.cl\/?p=82853","title":{"rendered":"CUENTA P\u00daBLICA DE LA PDI ATACAMA DESTAC\u00d3 EL COMBATE AL CRIMEN ORGANIZADO Y LA INCAUTACI\u00d3N DE DOS TONELADAS DE DROGA"},"content":{"rendered":"<p style=\"font-weight: 400;\">\n<p style=\"font-weight: 400;\"><strong>\u00a0<\/strong><\/p>\n<p style=\"font-weight: 400;\">En la Sala de C\u00e1mara de Copiap\u00f3, el jefe de la Regi\u00f3n Policial de Atacama, prefecto inspector Cristian Alarc\u00f3n Ahumada, encabez\u00f3 la ceremonia de Cuenta P\u00fablica de la Instituci\u00f3n, ceremonia enmarcada en las actividades por el 91\u00b0 aniversario de la PDI, donde se da cuenta de la gesti\u00f3n policial.<\/p>\n<p style=\"font-weight: 400;\">En la instancia, con la presencia de numerosas autoridades regionales, se dieron a conocer las estad\u00edsticas que reflejan el balance y los resultados operativos de la Regi\u00f3n Policial de Atacama, destacando la incautaci\u00f3n de m\u00e1s de dos toneladas de droga, sustancias il\u00edcitas avaluadas en m\u00e1s de 15 mil millones de pesos.<\/p>\n<p style=\"font-weight: 400;\">\u201cQuiero agradecer a las autoridades que nos acompa\u00f1aron, puesto que sentimos en ellos el respaldo hacia nuestro trabajo policial, lo que nos motiva a seguir obteniendo importantes resultados para contribuir a una mejor sensaci\u00f3n de seguridad en la poblaci\u00f3n atacame\u00f1a. Hoy, vemos orgullosos la labor de los \u00faltimos meses, reflejada en nuestros casos emblem\u00e1ticos y en la importante cantidad de droga incautada, adem\u00e1s de otros operativos donde logramos dar una eficaz respuesta a las demandas ciudadanas en materia de seguridad\u201d, se\u00f1al\u00f3 el jefe de la Regi\u00f3n Policial de Atacama, prefecto inspector Cristian Alarc\u00f3n.<\/p>\n<p style=\"font-weight: 400;\">La autoridad policial agreg\u00f3 que \u201cnuestro principal desaf\u00edo es potenciar el combate al crimen organizado, a trav\u00e9s de nuestras brigadas especializadas, vamos a continuar llevando a cabo procedimientos que permitan incautar droga, armamento y detener a responsables de hechos delictivos como los homicidios. Vamos a desarticular y empobrecer a las estructuras criminales que quieran posicionarse en la Regi\u00f3n de Atacama y fortaleceremos la fiscalizaci\u00f3n a ciudadanos extranjeros. Adem\u00e1s, con la creaci\u00f3n de nuestra Brigada Investigadora de Lavado de Activos, comenzamos a trabajar para debilitar el poder adquisitivo de las organizaciones criminales\u201d.<\/p>\n<p style=\"font-weight: 400;\">Junto con destacar la labor cumplida por cada funcionario y funcionaria policial en la regi\u00f3n, el delegado presidencial regional de Atacama Luis Pino Palacios, manifest\u00f3 que \u201choy uno de nuestros principales aliados para combatir el crimen organizado y las nuevas formas de delincuencia es la PDI, por eso como gobierno y en el marco de su 91\u00b0 aniversario, valoramos y resaltamos el trabajo que realizan permitiendo de esta manera llevar m\u00e1s seguridad y paz a nuestro territorio\u201d.<\/p>\n<p style=\"font-weight: 400;\">La autoridad regional, acompa\u00f1\u00f3 al jefe de la Regi\u00f3n Policial de Atacama, en la entrega del Premio a la Excelencia en la Investigaci\u00f3n Criminal, galard\u00f3n que recay\u00f3 en el Grupo Investigativo Modelo Territorial Cero de la Brigada de Investigaci\u00f3n Criminal de la PDI Vallenar.<\/p>\n<p style=\"font-weight: 400;\">En la ocasi\u00f3n, estuvo el grupo \u201cKardex\u201d compuesto por funcionarios de la PDI Atacama, ameniz\u00f3 la ceremonia con m\u00fasica y baile. Por \u00faltimo, se entregaron condecoraciones a aquellos funcionarios que cumplieron 20 y 30 a\u00f1os de servicio en la Instituci\u00f3n.<\/p>\n","protected":false},"excerpt":{"rendered":"<p>\u00a0 En la Sala de C\u00e1mara de Copiap\u00f3, el jefe de la Regi\u00f3n Policial de Atacama, prefecto inspector Cristian Alarc\u00f3n Ahumada, encabez\u00f3 la ceremonia de&hellip; <\/p>\n","protected":false},"author":2,"featured_media":82854,"comment_status":"closed","ping_status":"closed","sticky":false,"template":"","format":"standard","meta":{"footnotes":""},"categories":[38],"tags":[],"class_list":["post-82853","post","type-post","status-publish","format-standard","has-post-thumbnail","hentry","category-portada-regional"],"_links":{"self":[{"href":"https:\/\/www.radioamigavallenar.cl\/index.php?rest_route=\/wp\/v2\/posts\/82853","targetHints":{"allow":["GET"]}}],"collection":[{"href":"https:\/\/www.radioamigavallenar.cl\/index.php?rest_route=\/wp\/v2\/posts"}],"about":[{"href":"https:\/\/www.radioamigavallenar.cl\/index.php?rest_route=\/wp\/v2\/types\/post"}],"author":[{"embeddable":true,"href":"https:\/\/www.radioamigavallenar.cl\/index.php?rest_route=\/wp\/v2\/users\/2"}],"replies":[{"embeddable":true,"href":"https:\/\/www.radioamigavallenar.cl\/index.php?rest_route=%2Fwp%2Fv2%2Fcomments&post=82853"}],"version-history":[{"count":1,"href":"https:\/\/www.radioamigavallenar.cl\/index.php?rest_route=\/wp\/v2\/posts\/82853\/revisions"}],"predecessor-version":[{"id":82855,"href":"https:\/\/www.radioamigavallenar.cl\/index.php?rest_route=\/wp\/v2\/posts\/82853\/revisions\/82855"}],"wp:featuredmedia":[{"embeddable":true,"href":"https:\/\/www.radioamigavallenar.cl\/index.php?rest_route=\/wp\/v2\/media\/82854"}],"wp:attachment":[{"href":"https:\/\/www.radioamigavallenar.cl\/index.php?rest_route=%2Fwp%2Fv2%2Fmedia&parent=82853"}],"wp:term":[{"taxonomy":"category","embeddable":true,"href":"https:\/\/www.radioamigavallenar.cl\/index.php?rest_route=%2Fwp%2Fv2%2Fcategories&post=82853"},{"taxonomy":"post_tag","embeddable":true,"href":"https:\/\/www.radioamigavallenar.cl\/index.php?rest_route=%2Fwp%2Fv2%2Ftags&post=82853"}],"curies":[{"name":"wp","href":"https:\/\/api.w.org\/{rel}","templated":true}]}}