{"id":82425,"date":"2024-06-11T00:58:14","date_gmt":"2024-06-11T03:58:14","guid":{"rendered":"https:\/\/www.radioamigavallenar.cl\/?p=82425"},"modified":"2024-06-11T01:41:08","modified_gmt":"2024-06-11T04:41:08","slug":"productoras-de-flores-de-freirina-haran-realidad-proyecto-asociativo-en-terreno-fiscal-de-esta-comuna","status":"publish","type":"post","link":"https:\/\/www.radioamigavallenar.cl\/?p=82425","title":{"rendered":"Productoras de flores de Freirina har\u00e1n realidad proyecto asociativo en terreno fiscal de esta comuna."},"content":{"rendered":"<div><b>Productoras de flores de Freirina har\u00e1n realidad proyecto asociativo en terreno fiscal de esta comuna.<\/b><\/div>\n<div><b>\u00a0<\/b><\/div>\n<div>Fanny Tirado del sector La Tablas en Freirina hasta hace alg\u00fan tiempo ten\u00eda dudas si pod\u00eda junto a tras cinco mujeres rurales de realizar un proyecto asociativo en la comuna. La raz\u00f3n era bastante simple, la ausencia de derechos de tierra y agua para la agrupaci\u00f3n, y cada una por separado, hac\u00eda imposible que la idea de negocios\u00a0<i>floreciera\u00a0<\/i>o se materializara prontamente.<\/div>\n<div><\/div>\n<div>Pero gracias a la perseverancia de Fanny y su grupo unido a la gesti\u00f3n municipal junto a los servicios del agro hoy\u00a0 estas mujeres rurales le torcieron la mano al destino, ya que la municipalidad junto a INDAP y la Corporaci\u00f3n Nacional Forestal (CONAF) firmaron un acuerdo para que el grupo haga uso de un terreno municipal en el sector de Las Tablas, por lo que ahora Fanny Tirado mira el futuro con m\u00e1s optimismo\u00a0 para ella y para sus compa\u00f1eras.<\/div>\n<div><\/div>\n<div>\u00abEsto es espectacular, estoy muy agradecida por esta instancia. Las oportunidades hay que aprovecharlas y yo creo que esta es una de esas oportunidades que nos da la vida y hay que aprovecharla. Estoy muy contenta emocionada y agradecida del alcalde de la directora de INDAP y de CONAF porque que aqu\u00ed se conjugaron varias cosas para que esto haya resultado, aunque uno tuviese algunas dudas y temores que se diera. As\u00ed que s\u00f3lo nos queda instar a mis compa\u00f1eras para que esto que ha pasado hoy sea s\u00f3lo el inicio y veamos a mujeres floristas de Freirina emprender esta idea asociativa\u00bb, a\u00f1adi\u00f3 Fanny Tirado.<\/div>\n<div><\/div>\n<div>Desde el municipio enfatizan que la iniciativa buscar el fortalecimiento productivo y la asociatividad principalmente, por lo que se potencia como un gran proyecto que ha de ser pionero y ejemplo para otras iniciativas similares. Ser\u00e1n tres a\u00f1os de intervenci\u00f3n donde las vecinas recibir\u00e1n aparte de los recursos econ\u00f3micos para desarrollar sus ideas de negocio, la respectiva asesor\u00eda t\u00e9cnica y capacitaci\u00f3n de parte del INDAP y su convenio con Fundaci\u00f3n Prodemu.<\/div>\n<div><\/div>\n<div>\u201c<i>Estamos hablando de un aporte superior a los 459 mil pesos por beneficiaria que contempla el convenio INDAP\/Prodemu al a\u00f1o, en asesor\u00eda capacitaci\u00f3n\u00a0 e inversiones. Esto, sumado al aporte que hoy hace nuestro municipio como un colaborador activo, que no s\u00f3lo dispone de este terreno, sino de todo el apoyo de nuestros profesionales a trav\u00e9s de la Oficina del\u00a0Programa de Desarrollo de Acci\u00f3n Local\u00a0Prodesal que tenemos con INDAP, alberga un sue\u00f1o que lo venimos planteando a las distintas administraciones por m\u00e1s de 12 a\u00f1os y hoy vemos como esta idea se convertir\u00e1 en realidad\u00a0<\/i>\u201d, dijo el edil.<\/div>\n<div><\/div>\n<div>En tanto, la\u00a0directora regional del INDAP, Paola Torres Gonz\u00e1lez, firm\u00f3 que esta firma \u201c<i>permite darle oportunidades para el desarrollo a las mujeres rurales, con asistencia t\u00e9cnica capacitaci\u00f3n en inversiones a trav\u00e9s de nuestro convenio con Prodemu, y en este caso especial la buena noticia adem\u00e1s es que estas mujeres contar\u00e1n con recursos especiales del Gobierno Regional de Atacama para su proyecto asociativo. Nuestros lineamientos institucionales nos mandatan a focalizar la gesti\u00f3n sobre todo en mujeres, j\u00f3venes y a los pueblos originarios que es un sello de nuestro Gobierno. Destacar el compromiso y gesto del municipio en la persona del alcalde y a CONAF que se suma a este convenio para realizar tambi\u00e9n un proyecto para producir especies forrajeras para el ganado caprino de la comuna, que es tambi\u00e9n un proyecto anhelado por mucho tiempo en este rubro, para que veamos una agricultura familiar campesina e ind\u00edgena mucho m\u00e1s sostenible, resiliente e inclusiva en la comuna<\/i>\u201d, sostuvo.<\/div>\n<div><\/div>\n<div>Finalmente para el Secretario Regional Ministerial\u00a0(Seremi) de Agricultura Cristi\u00e1n Cort\u00e9s Olivares\u00a0\u201c<i>esto habla de una capacidad de asociatividad entre los vecinas, el municipio, los servicios del Minagri, donde vamos a poner una cantidad importante de recursos a trav\u00e9s de INDAP para poder potenciar el trabajo de las mujeres de Freirina<\/i>\u201d.<\/div>\n","protected":false},"excerpt":{"rendered":"<p>Productoras de flores de Freirina har\u00e1n realidad proyecto asociativo en terreno fiscal de esta comuna. \u00a0 Fanny Tirado del sector La Tablas en Freirina hasta&hellip; <\/p>\n","protected":false},"author":2,"featured_media":82426,"comment_status":"open","ping_status":"closed","sticky":false,"template":"","format":"standard","meta":{"footnotes":""},"categories":[7],"tags":[],"class_list":["post-82425","post","type-post","status-publish","format-standard","has-post-thumbnail","hentry","category-atacama"],"_links":{"self":[{"href":"https:\/\/www.radioamigavallenar.cl\/index.php?rest_route=\/wp\/v2\/posts\/82425","targetHints":{"allow":["GET"]}}],"collection":[{"href":"https:\/\/www.radioamigavallenar.cl\/index.php?rest_route=\/wp\/v2\/posts"}],"about":[{"href":"https:\/\/www.radioamigavallenar.cl\/index.php?rest_route=\/wp\/v2\/types\/post"}],"author":[{"embeddable":true,"href":"https:\/\/www.radioamigavallenar.cl\/index.php?rest_route=\/wp\/v2\/users\/2"}],"replies":[{"embeddable":true,"href":"https:\/\/www.radioamigavallenar.cl\/index.php?rest_route=%2Fwp%2Fv2%2Fcomments&post=82425"}],"version-history":[{"count":1,"href":"https:\/\/www.radioamigavallenar.cl\/index.php?rest_route=\/wp\/v2\/posts\/82425\/revisions"}],"predecessor-version":[{"id":82427,"href":"https:\/\/www.radioamigavallenar.cl\/index.php?rest_route=\/wp\/v2\/posts\/82425\/revisions\/82427"}],"wp:featuredmedia":[{"embeddable":true,"href":"https:\/\/www.radioamigavallenar.cl\/index.php?rest_route=\/wp\/v2\/media\/82426"}],"wp:attachment":[{"href":"https:\/\/www.radioamigavallenar.cl\/index.php?rest_route=%2Fwp%2Fv2%2Fmedia&parent=82425"}],"wp:term":[{"taxonomy":"category","embeddable":true,"href":"https:\/\/www.radioamigavallenar.cl\/index.php?rest_route=%2Fwp%2Fv2%2Fcategories&post=82425"},{"taxonomy":"post_tag","embeddable":true,"href":"https:\/\/www.radioamigavallenar.cl\/index.php?rest_route=%2Fwp%2Fv2%2Ftags&post=82425"}],"curies":[{"name":"wp","href":"https:\/\/api.w.org\/{rel}","templated":true}]}}