{"id":82400,"date":"2024-06-10T00:50:27","date_gmt":"2024-06-10T03:50:27","guid":{"rendered":"https:\/\/www.radioamigavallenar.cl\/?p=82400"},"modified":"2024-06-09T17:51:26","modified_gmt":"2024-06-09T20:51:26","slug":"diputada-sofia-cid-acusa-negligencia-y-desorganizacion-del-gobierno-por-propagacion-de-bacteria-asesina-y-exige-investigar-muerte-de-nino-en-copiapo","status":"publish","type":"post","link":"https:\/\/www.radioamigavallenar.cl\/?p=82400","title":{"rendered":"Diputada Sofia Cid acusa negligencia y desorganizaci\u00f3n del Gobierno por propagaci\u00f3n de \u201cbacteria asesina\u201d y exige investigar muerte de ni\u00f1o en Copiap\u00f3"},"content":{"rendered":"<p>Un llamado al Gobierno a hacer valer las responsabilidades y pedir las renuncias que correspondan hizo la diputada por Atacama Sof\u00eda Cid. Esto, por el lento actuar de las autoridades frente a la proliferaci\u00f3n de la denominada \u201cbacteria asesina\u201d, el streptococcus pyogenes.<\/p>\n<p>\u201cHoy los pap\u00e1s de Agust\u00edn est\u00e1n sufriendo por la muerte de su hijo de 11 a\u00f1os, a lo que adem\u00e1s deben sumar la angustia porque no est\u00e1n claras las causas. El Hospital de Copiap\u00f3 primero dijo que fue por meningitis, pero despu\u00e9s explicaron que fue por la bacteria asesina\u201d, explic\u00f3 la diputada.<\/p>\n<p>Cabe recordar que la Organizaci\u00f3n Panamericana de la Salud levant\u00f3 la primera alerta el 28 de noviembre del a\u00f1o pasado; sin embargo, el Minsal elev\u00f3 la advertencia reci\u00e9n el 27 de mayo de este a\u00f1o, cuando ya se hab\u00eda registrado un aumento del 189% en comparaci\u00f3n al mismo periodo del a\u00f1o pasado, seg\u00fan un informe del Instituto de Salud P\u00fablica.<\/p>\n<p>\u201cEsto demuestra la falta de planificaci\u00f3n sanitaria de las actuales autoridades ministeriales. Se entiende que la Ministra haya estado concentrada en la Ley de Isapres, pero eso no significa dejar el resto de los temas de lado\u201d, dijo la diputada Sof\u00eda Cid.<\/p>\n<p>\u201cLamentablemente -continu\u00f3- hemos visto morir gente por culpa de esta grave negligencia del Ministerio de Salud y se deben hacer valer las responsabilidades pol\u00edticas de la ministra Ximena Aguilera y los subsecretarios\u201d.<\/p>\n<p>La diputada por Atacama consider\u00f3 como \u201cuna falta grav\u00edsima la falta de comunicaci\u00f3n de riesgo sobre lo peligrosa que es esta bacteria. Peor a\u00fan, la ministra ha dado entrevistas donde evidentemente le baja el perfil a la situaci\u00f3n\u201d.<\/p>\n<p>\u201cLe pedimos a la gente que se cuide y que se vacune cuanto antes contra la influenza, que en combinaci\u00f3n con esta bacteria ha causado ya muchas muertes en el pa\u00eds. Y en caso de s\u00edntomas, consultar lo antes posible, para evitar que la enfermedad avance\u201d, finaliz\u00f3 la diputada\u00a0Sof\u00eda\u00a0Cid.<\/p>\n","protected":false},"excerpt":{"rendered":"<p>Un llamado al Gobierno a hacer valer las responsabilidades y pedir las renuncias que correspondan hizo la diputada por Atacama Sof\u00eda Cid. Esto, por el&hellip; <\/p>\n","protected":false},"author":2,"featured_media":73351,"comment_status":"open","ping_status":"closed","sticky":false,"template":"","format":"standard","meta":{"footnotes":""},"categories":[38],"tags":[],"class_list":["post-82400","post","type-post","status-publish","format-standard","has-post-thumbnail","hentry","category-portada-regional"],"_links":{"self":[{"href":"https:\/\/www.radioamigavallenar.cl\/index.php?rest_route=\/wp\/v2\/posts\/82400","targetHints":{"allow":["GET"]}}],"collection":[{"href":"https:\/\/www.radioamigavallenar.cl\/index.php?rest_route=\/wp\/v2\/posts"}],"about":[{"href":"https:\/\/www.radioamigavallenar.cl\/index.php?rest_route=\/wp\/v2\/types\/post"}],"author":[{"embeddable":true,"href":"https:\/\/www.radioamigavallenar.cl\/index.php?rest_route=\/wp\/v2\/users\/2"}],"replies":[{"embeddable":true,"href":"https:\/\/www.radioamigavallenar.cl\/index.php?rest_route=%2Fwp%2Fv2%2Fcomments&post=82400"}],"version-history":[{"count":1,"href":"https:\/\/www.radioamigavallenar.cl\/index.php?rest_route=\/wp\/v2\/posts\/82400\/revisions"}],"predecessor-version":[{"id":82401,"href":"https:\/\/www.radioamigavallenar.cl\/index.php?rest_route=\/wp\/v2\/posts\/82400\/revisions\/82401"}],"wp:featuredmedia":[{"embeddable":true,"href":"https:\/\/www.radioamigavallenar.cl\/index.php?rest_route=\/wp\/v2\/media\/73351"}],"wp:attachment":[{"href":"https:\/\/www.radioamigavallenar.cl\/index.php?rest_route=%2Fwp%2Fv2%2Fmedia&parent=82400"}],"wp:term":[{"taxonomy":"category","embeddable":true,"href":"https:\/\/www.radioamigavallenar.cl\/index.php?rest_route=%2Fwp%2Fv2%2Fcategories&post=82400"},{"taxonomy":"post_tag","embeddable":true,"href":"https:\/\/www.radioamigavallenar.cl\/index.php?rest_route=%2Fwp%2Fv2%2Ftags&post=82400"}],"curies":[{"name":"wp","href":"https:\/\/api.w.org\/{rel}","templated":true}]}}