{"id":8216,"date":"2018-01-18T08:00:32","date_gmt":"2018-01-18T11:00:32","guid":{"rendered":"http:\/\/www.radioamigavallenar.cl\/?p=8216"},"modified":"2018-01-19T23:22:50","modified_gmt":"2018-01-20T02:22:50","slug":"comunicado-pascua-lama-estudiara-sancion-de-la-sma","status":"publish","type":"post","link":"https:\/\/www.radioamigavallenar.cl\/?p=8216","title":{"rendered":"Comunicado: Pascua-Lama estudiar\u00e1 sanci\u00f3n de la SMA"},"content":{"rendered":"<p><a href=\"http:\/\/www.radioamigavallenar.cl\/wp-content\/uploads\/2016\/06\/pascua-lama.jpg\"><img loading=\"lazy\" decoding=\"async\" class=\"alignnone size-medium wp-image-1268 aligncenter\" src=\"http:\/\/www.radioamigavallenar.cl\/wp-content\/uploads\/2016\/06\/pascua-lama-300x181.jpg\" alt=\"pascua lama\" width=\"300\" height=\"181\" srcset=\"https:\/\/www.radioamigavallenar.cl\/wp-content\/uploads\/2016\/06\/pascua-lama-300x181.jpg 300w, https:\/\/www.radioamigavallenar.cl\/wp-content\/uploads\/2016\/06\/pascua-lama.jpg 700w\" sizes=\"auto, (max-width: 300px) 100vw, 300px\" \/><\/a><\/p>\n<p style=\"text-align: justify;\">Pascua-Lama estudiar\u00e1 en profundidad la sanci\u00f3n anunciada por la SMA, que se enmarca en el proceso de recalificaci\u00f3n ordenado por el Tribunal Ambiental en el 2014.<\/p>\n<p style=\"text-align: justify;\">La sanci\u00f3n anunciada incluye la reducci\u00f3n de la multa impuesta por la SMA en el 2013, desde US$16 millones a US$11,5 millones. Asimismo, como parte de esta revisi\u00f3n, no se revoc\u00f3 la Resoluci\u00f3n de Calificaci\u00f3n Ambiental (RCA) del proyecto decretando la clausura de instalaciones y mandatando obligaciones de seguimiento ambiental, as\u00ed como tambi\u00e9n medidas transitorias en conformidad con las RCAs del proyecto.<\/p>\n<p style=\"text-align: justify;\">\u201cEs importante recalcar que esta sanci\u00f3n se refiere a eventos del pasado y que actualmente, Pascua-Lama est\u00e1 enfocada en el futuro con una perspectiva de sustentabilidad. De hecho, en respuesta a las inquietudes expresadas por las comunidades, la compa\u00f1\u00eda est\u00e1 realizando estudios de optimizaci\u00f3n del proyecto para evaluar un posible desarrollo subterr\u00e1neo que reduzca sus impactos ambientales y sociales\u201d, dijo Ren\u00e9 Muga, Director Ejecutivo de Barrick Chile.<\/p>\n<p style=\"text-align: justify;\">\u201cLa clausura de instalaciones no altera el plan de la compa\u00f1\u00eda de estudiar una opci\u00f3n subterr\u00e1nea\u201d, agreg\u00f3.<\/p>\n<p style=\"text-align: justify;\">\u201cLa compa\u00f1\u00eda ha hecho un cambio profundo en su enfoque, aprendiendo de su historia, tomando decisiones y acciones concretas, as\u00ed como tambi\u00e9n realizado inversiones relevantes como parte de su compromiso de cumplir sus obligaciones regulatorias.<\/p>\n<p style=\"text-align: justify;\">Fuente: Barrick Gold<\/p>\n","protected":false},"excerpt":{"rendered":"<p>Pascua-Lama estudiar\u00e1 en profundidad la sanci\u00f3n anunciada por la SMA, que se enmarca en el proceso de recalificaci\u00f3n ordenado por el Tribunal Ambiental en el&hellip; <\/p>\n","protected":false},"author":2,"featured_media":1268,"comment_status":"open","ping_status":"closed","sticky":false,"template":"","format":"standard","meta":{"footnotes":""},"categories":[5],"tags":[],"class_list":["post-8216","post","type-post","status-publish","format-standard","has-post-thumbnail","hentry","category-alto-del-carmen"],"_links":{"self":[{"href":"https:\/\/www.radioamigavallenar.cl\/index.php?rest_route=\/wp\/v2\/posts\/8216","targetHints":{"allow":["GET"]}}],"collection":[{"href":"https:\/\/www.radioamigavallenar.cl\/index.php?rest_route=\/wp\/v2\/posts"}],"about":[{"href":"https:\/\/www.radioamigavallenar.cl\/index.php?rest_route=\/wp\/v2\/types\/post"}],"author":[{"embeddable":true,"href":"https:\/\/www.radioamigavallenar.cl\/index.php?rest_route=\/wp\/v2\/users\/2"}],"replies":[{"embeddable":true,"href":"https:\/\/www.radioamigavallenar.cl\/index.php?rest_route=%2Fwp%2Fv2%2Fcomments&post=8216"}],"version-history":[{"count":0,"href":"https:\/\/www.radioamigavallenar.cl\/index.php?rest_route=\/wp\/v2\/posts\/8216\/revisions"}],"wp:featuredmedia":[{"embeddable":true,"href":"https:\/\/www.radioamigavallenar.cl\/index.php?rest_route=\/wp\/v2\/media\/1268"}],"wp:attachment":[{"href":"https:\/\/www.radioamigavallenar.cl\/index.php?rest_route=%2Fwp%2Fv2%2Fmedia&parent=8216"}],"wp:term":[{"taxonomy":"category","embeddable":true,"href":"https:\/\/www.radioamigavallenar.cl\/index.php?rest_route=%2Fwp%2Fv2%2Fcategories&post=8216"},{"taxonomy":"post_tag","embeddable":true,"href":"https:\/\/www.radioamigavallenar.cl\/index.php?rest_route=%2Fwp%2Fv2%2Ftags&post=8216"}],"curies":[{"name":"wp","href":"https:\/\/api.w.org\/{rel}","templated":true}]}}