{"id":81840,"date":"2024-05-14T13:45:37","date_gmt":"2024-05-14T16:45:37","guid":{"rendered":"https:\/\/www.radioamigavallenar.cl\/?p=81840"},"modified":"2024-05-14T13:51:31","modified_gmt":"2024-05-14T16:51:31","slug":"81840","status":"publish","type":"post","link":"https:\/\/www.radioamigavallenar.cl\/?p=81840","title":{"rendered":"Entusiasmo en la recta final de cara al \u00abTrail Minero\u00bb en localidad de Camarones de Vallenar"},"content":{"rendered":"<div class=\"container fullwidth-entry-title-wrapper\">\n<div class=\"container-wrapper fullwidth-entry-title\">\n<header class=\"entry-header-outer\">\n<div class=\"entry-header\">\n<h1 class=\"post-title entry-title\"><\/h1>\n<p class=\"entry-sub-title\">Actividad esta fijada para este s\u00e1bado 18 en Camarones , sector minero.<\/p>\n<div id=\"single-post-meta\" class=\"post-meta clearfix\"><\/div>\n<\/div>\n<\/header>\n<\/div>\n<\/div>\n<div id=\"content\" class=\"site-content container\">\n<div id=\"main-content-row\" class=\"tie-row main-content-row\">\n<div class=\"main-content tie-col-md-8 tie-col-xs-12\" role=\"main\">\n<article id=\"the-post\" class=\"container-wrapper post-content tie-standard\">\n<div class=\"featured-area\">\n<div class=\"featured-area-inner\"><\/div>\n<\/div>\n<div class=\"entry-content entry clearfix\">\n<p>Natalicio Barraza uno de los organizadores del evento e integrante del club atl\u00e9tico \u201cVicente Potrerillos Salinas\u201d de la comuna de Vallenar y quien forma parte del equipo de deportes municipal de la capital del Huasco , sostuvo que \u201cal final la competencia atl\u00e9tica del primer \u201cTrail Minero\u201d, se ha convertido en todo un evento de car\u00e1cter familiar, ya que no solo ser\u00e1 la competencia de 7 k y 14 k, todo esto se complementar\u00e1 con un Mercadito Campesino y Minero, m\u00fasica en vivo, tracking guiado, tambi\u00e9n se podr\u00e1 degustar de cabrito al jugo, churrascas, t\u00e9cito remojado, queso de cabra y m\u00e1s, sin dejar de lado lo que es vivenciar todo lo que es el Museo Minero al aire libre que rescata todo lo que fue y es el trabajo de la peque\u00f1a miner\u00eda en la zona,.<\/p>\n<p>Adem\u00e1s \u2013 agreg\u00f3 Natalicio Barraza- se podr\u00e1 disfrutar de un grato paisaje, todo esto se iniciar\u00e1 a las 10:00 en el sector de Camarones ruta de \u201cAgua Amarga\u201d kil\u00f3metro 11 y por supuesto lo que ser\u00e1 el Primer Trail Minero donde un grupo importante de competidores de diferentes puntos del pa\u00eds se dar\u00e1n cita y vivenciar est\u00e1 primera competencia de esta modalidad en la comuna de Vallenar.<\/p>\n<p>Dada la importancia de la actividad, tiene con la mejor motivaci\u00f3n a los organizadores de que este sea todo un \u00e9xito, recordar que cuando faltaban m\u00e1s de dos semanas las inscripciones se agotaron, cabe hacer notar que un n\u00famero importante de colaboradores dir\u00e1n presente tanto en la premiaci\u00f3n, log\u00edstica y difusi\u00f3n de este importante evento deportivo.<\/p>\n<\/div>\n<\/article>\n<\/div>\n<\/div>\n<\/div>\n","protected":false},"excerpt":{"rendered":"<p>Actividad esta fijada para este s\u00e1bado 18 en Camarones , sector minero. Natalicio Barraza uno de los organizadores del evento e integrante del club atl\u00e9tico&hellip; <\/p>\n","protected":false},"author":2,"featured_media":81841,"comment_status":"open","ping_status":"closed","sticky":false,"template":"","format":"standard","meta":{"footnotes":""},"categories":[7],"tags":[],"class_list":["post-81840","post","type-post","status-publish","format-standard","has-post-thumbnail","hentry","category-atacama"],"_links":{"self":[{"href":"https:\/\/www.radioamigavallenar.cl\/index.php?rest_route=\/wp\/v2\/posts\/81840","targetHints":{"allow":["GET"]}}],"collection":[{"href":"https:\/\/www.radioamigavallenar.cl\/index.php?rest_route=\/wp\/v2\/posts"}],"about":[{"href":"https:\/\/www.radioamigavallenar.cl\/index.php?rest_route=\/wp\/v2\/types\/post"}],"author":[{"embeddable":true,"href":"https:\/\/www.radioamigavallenar.cl\/index.php?rest_route=\/wp\/v2\/users\/2"}],"replies":[{"embeddable":true,"href":"https:\/\/www.radioamigavallenar.cl\/index.php?rest_route=%2Fwp%2Fv2%2Fcomments&post=81840"}],"version-history":[{"count":2,"href":"https:\/\/www.radioamigavallenar.cl\/index.php?rest_route=\/wp\/v2\/posts\/81840\/revisions"}],"predecessor-version":[{"id":81843,"href":"https:\/\/www.radioamigavallenar.cl\/index.php?rest_route=\/wp\/v2\/posts\/81840\/revisions\/81843"}],"wp:featuredmedia":[{"embeddable":true,"href":"https:\/\/www.radioamigavallenar.cl\/index.php?rest_route=\/wp\/v2\/media\/81841"}],"wp:attachment":[{"href":"https:\/\/www.radioamigavallenar.cl\/index.php?rest_route=%2Fwp%2Fv2%2Fmedia&parent=81840"}],"wp:term":[{"taxonomy":"category","embeddable":true,"href":"https:\/\/www.radioamigavallenar.cl\/index.php?rest_route=%2Fwp%2Fv2%2Fcategories&post=81840"},{"taxonomy":"post_tag","embeddable":true,"href":"https:\/\/www.radioamigavallenar.cl\/index.php?rest_route=%2Fwp%2Fv2%2Ftags&post=81840"}],"curies":[{"name":"wp","href":"https:\/\/api.w.org\/{rel}","templated":true}]}}