{"id":818,"date":"2016-05-31T13:35:22","date_gmt":"2016-05-31T16:35:22","guid":{"rendered":"http:\/\/www.radioamigavallenar.cl\/?p=818"},"modified":"2016-05-31T13:35:22","modified_gmt":"2016-05-31T16:35:22","slug":"destacan-funcionamiento-de-obras-de-mitigacion-ante-frente-de-mal-tiempo","status":"publish","type":"post","link":"https:\/\/www.radioamigavallenar.cl\/?p=818","title":{"rendered":"Destacan funcionamiento de obras de mitigaci\u00f3n ante frente de mal tiempo"},"content":{"rendered":"<p style=\"text-align: justify;\"><a href=\"http:\/\/www.radioamigavallenar.cl\/wp-content\/uploads\/2016\/05\/lluvias-alto-del-carmen.jpg\"><img loading=\"lazy\" decoding=\"async\" class=\" size-medium wp-image-819 aligncenter\" src=\"http:\/\/www.radioamigavallenar.cl\/wp-content\/uploads\/2016\/05\/lluvias-alto-del-carmen-300x225.jpg\" alt=\"lluvias alto del carmen\" width=\"300\" height=\"225\" srcset=\"https:\/\/www.radioamigavallenar.cl\/wp-content\/uploads\/2016\/05\/lluvias-alto-del-carmen-300x225.jpg 300w, https:\/\/www.radioamigavallenar.cl\/wp-content\/uploads\/2016\/05\/lluvias-alto-del-carmen.jpg 700w\" sizes=\"auto, (max-width: 300px) 100vw, 300px\" \/><\/a><\/p>\n<p style=\"text-align: justify;\">Un registro de agua ca\u00edda de 25,5 mm., a las 15:30 hrs., de ayer domingo en la localidad de El Tr\u00e1nsito,\u00a0 5,1 mm., a las 17:00 hrs., en Vallenar, 26 mm., a las 20 hrs., en San F\u00e9lix 7 mm., a las 00:00 hrs en la localidad de Alto del Carmen, y 52 mm., a la misma hora en la localidad de Conay, adem\u00e1s de 40 cms., de nieve en horas de la tarde del domingo, en el sector de Pascua Lama, forma parte del informe que este lunes, revis\u00f3 la gobernadora de la provincia, Alexandra N\u00fa\u00f1ez Sorich, al reunirse con los integrantes del COE provincial.<\/p>\n<p style=\"text-align: justify;\">En la oportunidad, la gobernadora destac\u00f3 el trabajo que han desplegado, los equipos que integran el\u00a0 comit\u00e9 operativo de emergencia, tanto del nivel provincial, como los equipos comunales, en los respectivos municipios, con quienes se ha estado trabajando anticipadamente, desde el momento en que se reciben los informes de eventuales precipitaciones para la zona, y posteriormente con el monitoreo\u00a0 que se realiza en toda la provincia.<\/p>\n<p style=\"text-align: justify;\">La autoridad de gobierno, tambi\u00e9n destac\u00f3 el buen funcionamiento que han tenido las obras de mitigaci\u00f3n que se han construido, luego de los desastres naturales ocurridos el a\u00f1o pasado, en este sentido las obras han respondido en m\u00e1s de un 90% de efectividad, teniendo algunas complicaciones, fundamentalmente en aquellos lugares en donde a\u00fan no se cuenta con la autorizaci\u00f3n de privados para la ejecuci\u00f3n de las obras, sin embargo son situaciones que ya van por buen camino.<\/p>\n<p style=\"text-align: justify;\"><strong>INFORME<\/strong><\/p>\n<p style=\"text-align: justify;\">Respecto del informe de da\u00f1os ocasionados a ra\u00edz de las precipitaciones, el informe que entrega el COE provincial da cuenta de la activaci\u00f3n de la casi totalidad de las quebradas, en la comuna de Alto del Carmen, la que \u2013 seg\u00fan se\u00f1ala el informe \u2013 han respondido bien, provoc\u00e1ndose algunos problemas de salida del r\u00edo en el sector de Las\u00a0 Marquesas, afectando a cuatro predios\u00a0 que se encuentra en proceso de recuperaci\u00f3n con fondos de gobierno, sin da\u00f1o en viviendas, INDAP, realiza levantamiento de la informaci\u00f3n pertinente, para los trabajos que sean necesarios realizar en tanto la DOH ha de trabajar en el tema del encauce del r\u00edo.<\/p>\n<p style=\"text-align: justify;\">En la localidad de Chollay, el lodo que escurre por las quebradas que han bajado, cubri\u00f3 las c\u00e1maras de regulaci\u00f3n\u00a0 de presi\u00f3n del sistema de agua potable rural, actualmente la localidad cuenta con agua potable pero con baja presi\u00f3n.<\/p>\n<p style=\"text-align: justify;\">En el lugar, tambi\u00e9n se produce un corte del camino, situaci\u00f3n que est\u00e1 siendo abordada por los equipos de vialidad y DOH, del mismo modo vecinos del sector colaboraron para atender la emergencia de una vecina, cuya vivienda se vio afectada por los efectos de la bajada de la quebrada.<\/p>\n<p style=\"text-align: justify;\">Tambi\u00e9n se informa de rodados en el camino en los sectores de; Malagu\u00edn, junta Valerianos y El Corral (valle El Tr\u00e1nsito).<\/p>\n<p style=\"text-align: justify;\">Dos viviendas se vieron afectadas por goteras, principalmente, en \u201cVillarreal\u201d, en el sector de San F\u00e9lix, equipo del SERVIU provincial, est\u00e1 revisando la situaci\u00f3n. No se registran personas albergadas, solo familias afectadas, cuya situaci\u00f3n se est\u00e1 abordando por los equipo del nivel comunal y provincial.<\/p>\n<p style=\"text-align: justify;\"><strong>REDES SOCIALES<\/strong><\/p>\n<p style=\"text-align: justify;\">La gobernadora de la provincia, hizo un llamado, tambi\u00e9n a quienes comparten informaci\u00f3n a trav\u00e9s de las redes sociales, para que lo hagan con seriedad y con responsabilidad, \u201cse est\u00e1 generando mucha informaci\u00f3n que alarma a la poblaci\u00f3n y que carecen de la veracidad que se requiere, en estos casos, el gobierno y los respectivos municipios estamos tomando todas las medidas necesarias para abordar con anticipaci\u00f3n y prontitud los requerimientos de la poblaci\u00f3n\u201d, destac\u00f3 la autoridad.<\/p>\n<p>&nbsp;<\/p>\n<p>&nbsp;<\/p>\n<p>&nbsp;<\/p>\n<p>&nbsp;<\/p>\n<p><strong>\u00a0<\/strong><\/p>\n","protected":false},"excerpt":{"rendered":"<p>Un registro de agua ca\u00edda de 25,5 mm., a las 15:30 hrs., de ayer domingo en la localidad de El Tr\u00e1nsito,\u00a0 5,1 mm., a las&hellip; <\/p>\n","protected":false},"author":2,"featured_media":819,"comment_status":"open","ping_status":"closed","sticky":false,"template":"","format":"standard","meta":{"footnotes":""},"categories":[5],"tags":[],"class_list":["post-818","post","type-post","status-publish","format-standard","has-post-thumbnail","hentry","category-alto-del-carmen"],"_links":{"self":[{"href":"https:\/\/www.radioamigavallenar.cl\/index.php?rest_route=\/wp\/v2\/posts\/818","targetHints":{"allow":["GET"]}}],"collection":[{"href":"https:\/\/www.radioamigavallenar.cl\/index.php?rest_route=\/wp\/v2\/posts"}],"about":[{"href":"https:\/\/www.radioamigavallenar.cl\/index.php?rest_route=\/wp\/v2\/types\/post"}],"author":[{"embeddable":true,"href":"https:\/\/www.radioamigavallenar.cl\/index.php?rest_route=\/wp\/v2\/users\/2"}],"replies":[{"embeddable":true,"href":"https:\/\/www.radioamigavallenar.cl\/index.php?rest_route=%2Fwp%2Fv2%2Fcomments&post=818"}],"version-history":[{"count":0,"href":"https:\/\/www.radioamigavallenar.cl\/index.php?rest_route=\/wp\/v2\/posts\/818\/revisions"}],"wp:featuredmedia":[{"embeddable":true,"href":"https:\/\/www.radioamigavallenar.cl\/index.php?rest_route=\/wp\/v2\/media\/819"}],"wp:attachment":[{"href":"https:\/\/www.radioamigavallenar.cl\/index.php?rest_route=%2Fwp%2Fv2%2Fmedia&parent=818"}],"wp:term":[{"taxonomy":"category","embeddable":true,"href":"https:\/\/www.radioamigavallenar.cl\/index.php?rest_route=%2Fwp%2Fv2%2Fcategories&post=818"},{"taxonomy":"post_tag","embeddable":true,"href":"https:\/\/www.radioamigavallenar.cl\/index.php?rest_route=%2Fwp%2Fv2%2Ftags&post=818"}],"curies":[{"name":"wp","href":"https:\/\/api.w.org\/{rel}","templated":true}]}}