{"id":814,"date":"2016-05-31T13:17:47","date_gmt":"2016-05-31T16:17:47","guid":{"rendered":"http:\/\/www.radioamigavallenar.cl\/?p=814"},"modified":"2016-05-31T13:19:55","modified_gmt":"2016-05-31T16:19:55","slug":"empresarios-turisticos-de-atacama-sur-sostiene-exitosa-reunion-con-gobierno-regional","status":"publish","type":"post","link":"https:\/\/www.radioamigavallenar.cl\/?p=814","title":{"rendered":"Empresarios tur\u00edsticos de \u201cAtacama Sur\u201d  sostiene exitosa reuni\u00f3n con Gobierno Regional"},"content":{"rendered":"<p style=\"text-align: justify;\"><a href=\"http:\/\/www.radioamigavallenar.cl\/wp-content\/uploads\/2016\/05\/Atacama-sur.jpg\"><img loading=\"lazy\" decoding=\"async\" class=\" size-medium wp-image-815 aligncenter\" src=\"http:\/\/www.radioamigavallenar.cl\/wp-content\/uploads\/2016\/05\/Atacama-sur-300x225.jpg\" alt=\"Atacama sur\" width=\"300\" height=\"225\" srcset=\"https:\/\/www.radioamigavallenar.cl\/wp-content\/uploads\/2016\/05\/Atacama-sur-300x225.jpg 300w, https:\/\/www.radioamigavallenar.cl\/wp-content\/uploads\/2016\/05\/Atacama-sur.jpg 700w\" sizes=\"auto, (max-width: 300px) 100vw, 300px\" \/><\/a><\/p>\n<p style=\"text-align: justify;\">M\u00e1s de una decena de empresarios tur\u00edsticos del Valle del Huasco agrupados en la asociaci\u00f3n gremial \u201cAtacama Sur\u201d, sostuvieron una importante reuni\u00f3n de coordinaci\u00f3n con diferentes servicios p\u00fablicos como Sercotec, Sernatur e Indap, junto a la presencia del intendente Miguel Vargas,\u00a0 la senadora Isabel Allende y el alcalde de Rodrigo Loyola.<\/p>\n<p style=\"text-align: justify;\">El encuentro realizado en Huasco Bajo, tuvo como finalidad que las autoridades pudieran conocer las principales demandas de este sector econ\u00f3mico con el fin de mejorarlas en el corte plazo; como el tema de se\u00f1al\u00e9ticas y accesos, adem\u00e1s destacaron el apoyo que han recibido\u00a0 a trav\u00e9s de diferentes subsidios entregados por Sernatur y Sercotec que le han permitido viajar por el pa\u00eds promocionando a la regi\u00f3n y as\u00ed potenciar el Valle del Huasco como el tercer atractivo tur\u00edstico de la regi\u00f3n.<\/p>\n<p style=\"text-align: justify;\">Al respecto el intendente Miguel Vargas\u00a0 destac\u00f3 \u201ccomo regi\u00f3n nos hemos propuesto en avanzar en una estrategia de diversificaci\u00f3n de\u00a0 nuestra actividad econ\u00f3mica, la regi\u00f3n no puede seguir dependiendo s\u00f3lo de la miner\u00eda y es ac\u00e1 donde aparecen oportunidades muy importantes, como por ejemplo; el turismo. En esta jornada nos hemos reunido con empresarios de este valle quienes destacan por su gran capacidad emprendedora y se articularon con el fin de promover el turismo en el Valle del Huasco. Gracias a este encuentro\u00a0 ha quedado demostrado el trabajo entre p\u00fablicos y privados, donde el estado a trav\u00e9s de sus diferentes servicios\u00a0 como Sercotec, Indap y Sernatur son un real aporte para su desarrollo. Sin embargo hemos adquirido un compromiso respecto a sus demandas en relaci\u00f3n a mejorar las se\u00f1al\u00e9ticas y caminos a trav\u00e9s de mesas t\u00e9cnicas y el trabajo coordinado entre el gobierno y los micro y peque\u00f1os empresarios del turismo\u201d.<\/p>\n<p style=\"text-align: justify;\">\u201cEsta reuni\u00f3n es una acci\u00f3n m\u00e1s de coordinaci\u00f3n que estamos teniendo como sector p\u00fablico con el \u00e1rea\u00a0 de la micro y peque\u00f1a empresa. Hace un tiempo, junto a Sernatur, hemos trabajado de manera conjunta\u00a0 para fortalecer el quehacer de esta asociaci\u00f3n gremial que busca fortalecer el turismo en el sur de Atacama y en esta oportunidad hemos logrado acuerdos concretos como es la mejora en las se\u00f1al\u00e9ticas y el apoyo de instituciones como Indap\u201d, agreg\u00f3 Any Dorador, directora regional de Sercotec.<\/p>\n<p style=\"text-align: justify;\">Por su parte Deisy Rojas, Presidenta de Atacama Sur\u00a0 manifest\u00f3 su conformidad con el encuentro \u201cesta visita con nuestras autoridades fue fundamental,\u00a0 pudimos expresar nuestras necesidades como empresarios y mostrar el trabajo que estamos realizando hace tres a\u00f1os,\u00a0 con el fin de posicionar y potenciar el valle del Huasco, por lo que\u00a0 es fundamental mantener este trato directo con los servicios p\u00fablicos para que ellos conozcan nuestros esfuerzos , ya que\u00a0 estamos apostando fuertemente al desarrollo de la actividad tur\u00edstica\u201d.<\/p>\n<p style=\"text-align: justify;\">Finalmente la senadora Isabel Allende se mostr\u00f3\u00a0 gratamente sorprendida por los encantos del lugar y catalog\u00f3 como interesante el encuentro, donde destac\u00f3 el gran\u00a0 entusiasmo de estos 16 empresarios que se re\u00fanen para potenciar la actividad tur\u00edstica, apuntando hacia un turismo m\u00e1s rural.<\/p>\n","protected":false},"excerpt":{"rendered":"<p>M\u00e1s de una decena de empresarios tur\u00edsticos del Valle del Huasco agrupados en la asociaci\u00f3n gremial \u201cAtacama Sur\u201d, sostuvieron una importante reuni\u00f3n de coordinaci\u00f3n con&hellip; <\/p>\n","protected":false},"author":2,"featured_media":815,"comment_status":"open","ping_status":"closed","sticky":false,"template":"","format":"standard","meta":{"footnotes":""},"categories":[7],"tags":[],"class_list":["post-814","post","type-post","status-publish","format-standard","has-post-thumbnail","hentry","category-atacama"],"_links":{"self":[{"href":"https:\/\/www.radioamigavallenar.cl\/index.php?rest_route=\/wp\/v2\/posts\/814","targetHints":{"allow":["GET"]}}],"collection":[{"href":"https:\/\/www.radioamigavallenar.cl\/index.php?rest_route=\/wp\/v2\/posts"}],"about":[{"href":"https:\/\/www.radioamigavallenar.cl\/index.php?rest_route=\/wp\/v2\/types\/post"}],"author":[{"embeddable":true,"href":"https:\/\/www.radioamigavallenar.cl\/index.php?rest_route=\/wp\/v2\/users\/2"}],"replies":[{"embeddable":true,"href":"https:\/\/www.radioamigavallenar.cl\/index.php?rest_route=%2Fwp%2Fv2%2Fcomments&post=814"}],"version-history":[{"count":0,"href":"https:\/\/www.radioamigavallenar.cl\/index.php?rest_route=\/wp\/v2\/posts\/814\/revisions"}],"wp:featuredmedia":[{"embeddable":true,"href":"https:\/\/www.radioamigavallenar.cl\/index.php?rest_route=\/wp\/v2\/media\/815"}],"wp:attachment":[{"href":"https:\/\/www.radioamigavallenar.cl\/index.php?rest_route=%2Fwp%2Fv2%2Fmedia&parent=814"}],"wp:term":[{"taxonomy":"category","embeddable":true,"href":"https:\/\/www.radioamigavallenar.cl\/index.php?rest_route=%2Fwp%2Fv2%2Fcategories&post=814"},{"taxonomy":"post_tag","embeddable":true,"href":"https:\/\/www.radioamigavallenar.cl\/index.php?rest_route=%2Fwp%2Fv2%2Ftags&post=814"}],"curies":[{"name":"wp","href":"https:\/\/api.w.org\/{rel}","templated":true}]}}