{"id":81381,"date":"2024-04-23T00:15:55","date_gmt":"2024-04-23T03:15:55","guid":{"rendered":"https:\/\/www.radioamigavallenar.cl\/?p=81381"},"modified":"2024-04-23T00:02:00","modified_gmt":"2024-04-23T03:02:00","slug":"junaeb-inicia-atenciones-medicas-traumatologicas-en-la-region-de-atacama","status":"publish","type":"post","link":"https:\/\/www.radioamigavallenar.cl\/?p=81381","title":{"rendered":"JUNAEB INICIA ATENCIONES M\u00c9DICAS TRAUMATOL\u00d3GICAS EN LA REGI\u00d3N  DE ATACAMA"},"content":{"rendered":"<p><b>15\u00a0<\/b><\/p>\n<p><i><span style=\"font-weight: 400;\">En la comuna de Vallenar se atendieron a m\u00e1s de 100 estudiantes\u00a0<\/span><\/i><\/p>\n<p><span style=\"font-weight: 400;\">Dentro de su oferta program\u00e1tica, la Junta Nacional de Auxilio Escolar y\u00a0 Becas (Junaeb) cuenta con el Programa de Servicios M\u00e9dicos, que tiene como\u00a0 objetivo mejorar la calidad de vida de las y los estudiantes.\u00a0\u00a0<\/span><\/p>\n<p><span style=\"font-weight: 400;\">Dentro de las especialidades que ofrece Junaeb, se encuentra oftalmolog\u00eda,\u00a0 traumatolog\u00eda y otorrino; patolog\u00edas que pueden llegar afectar el rendimiento y\u00a0 sociabilizaci\u00f3n de las y los estudiantes. Las atenciones est\u00e1n dirigidas a ni\u00f1as, ni\u00f1os\u00a0 y j\u00f3venes de establecimientos p\u00fablicos o particulares subvencionados.\u00a0\u00a0<\/span><\/p>\n<p><span style=\"font-weight: 400;\">En este contexto, esta semana en la comuna de Vallenar iniciaron las atenciones\u00a0 m\u00e9dicas traumatol\u00f3gicas a estudiantes que ingresan por primera vez al programa,\u00a0 y que puedan presentar problemas de columna como escoliosis o dorso curvo.\u00a0<\/span><\/p>\n<p><span style=\"font-weight: 400;\">Al respecto, la directora regional de Junaeb, Caroline Harder Barrera, manifest\u00f3 que\u00a0 \u201cel programa de servicios m\u00e9dicos atiende a una necesidad de las familias chilenas\u00a0 para detectar tempranamente ciertas afecciones que puedan incidir en la calidad de\u00a0 vida de las y los estudiantes, y que en muchas regiones no encuentran\u00a0 especialistas. Es vital el trabajo colaborativo de la comunidad escolar para detectar\u00a0 y dar continuidad a quienes lo requieran\u201d finaliz\u00f3.\u00a0<\/span><\/p>\n<p><span style=\"font-weight: 400;\">El programa atiende a miles de estudiantes de todo Chile y se va ejecutando en\u00a0 diferentes etapas, iniciando por la <\/span><b>pesquisa <\/b><span style=\"font-weight: 400;\">que consiste en que el encargado de\u00a0 salud de cada establecimiento realiza evaluaciones a las y los estudiantes para ver\u00a0 si hay alguna alteraci\u00f3n. Luego sigue el proceso de <\/span><b>tamizaje<\/b><span style=\"font-weight: 400;\">, que corresponde a la\u00a0 etapa en donde tecn\u00f3logas\/os m\u00e9dicos, fonoaudi\u00f3logas\/os o kinesi\u00f3logas\/os\u00a0 examinan a los estudiantes con sospechas (derivados de la pesquisa), esto para\u00a0 confirmar o descartar diagn\u00f3stico.\u00a0<\/span><\/p>\n<p><span style=\"font-weight: 400;\">Posteriormente es la <\/span><b>atenci\u00f3n m\u00e9dica, <\/b><span style=\"font-weight: 400;\">en donde los especialistas eval\u00faan a las\u00a0 ni\u00f1as y ni\u00f1os derivados de los tamizajes, solicitan ex\u00e1menes y entregar\u00a0 indicaciones. Para finalizar, corresponde los tratamientos y servicios de apoyo que\u00a0 se ejecutan en base a la indicaci\u00f3n del m\u00e9dico especialista para una adecuada\u00a0 resoluci\u00f3n del problema de salud detectado.<\/span><\/p>\n<p><span style=\"font-weight: 400;\">Desde la instituci\u00f3n enfatizan que estas atenciones est\u00e1n dirigidas a cursos niveles\u00a0 de educaci\u00f3n espec\u00edficos. A continuaci\u00f3n, el detalle:\u00a0<\/span><\/p>\n<p><b>&#8211; Oftalmolog\u00eda<\/b><span style=\"font-weight: 400;\">: Las Pesquisas se realizan en <\/span><b>Prek\u00ednder, K\u00ednder, 1\u00b0 B\u00e1sico y 6\u00b0\u00a0 B\u00e1sico<\/b><span style=\"font-weight: 400;\">, luego viene el Tamizaje y la Atenci\u00f3n M\u00e9dica.\u00a0<\/span><\/p>\n<p><b>&#8211; Traumatolog\u00eda<\/b><span style=\"font-weight: 400;\">: Las Pesquisas se realizan en <\/span><b>7\u00b0 B\u00e1sico<\/b><span style=\"font-weight: 400;\">, luego viene el Tamizaje y\u00a0 la Atenci\u00f3n M\u00e9dica.\u00a0<\/span><\/p>\n<p><b>&#8211; Otorrino<\/b><span style=\"font-weight: 400;\">: Las Pesquisas se realizan en <\/span><b>Prek\u00ednder, K\u00ednder y 1\u00b0 B\u00e1sico<\/b><span style=\"font-weight: 400;\">, luego viene\u00a0 el Tamizaje y la Atenci\u00f3n M\u00e9dica.<\/span><\/p>\n","protected":false},"excerpt":{"rendered":"<p>15\u00a0 En la comuna de Vallenar se atendieron a m\u00e1s de 100 estudiantes\u00a0 Dentro de su oferta program\u00e1tica, la Junta Nacional de Auxilio Escolar y\u00a0&hellip; <\/p>\n","protected":false},"author":2,"featured_media":0,"comment_status":"open","ping_status":"closed","sticky":false,"template":"","format":"standard","meta":{"footnotes":""},"categories":[7],"tags":[],"class_list":["post-81381","post","type-post","status-publish","format-standard","hentry","category-atacama"],"_links":{"self":[{"href":"https:\/\/www.radioamigavallenar.cl\/index.php?rest_route=\/wp\/v2\/posts\/81381","targetHints":{"allow":["GET"]}}],"collection":[{"href":"https:\/\/www.radioamigavallenar.cl\/index.php?rest_route=\/wp\/v2\/posts"}],"about":[{"href":"https:\/\/www.radioamigavallenar.cl\/index.php?rest_route=\/wp\/v2\/types\/post"}],"author":[{"embeddable":true,"href":"https:\/\/www.radioamigavallenar.cl\/index.php?rest_route=\/wp\/v2\/users\/2"}],"replies":[{"embeddable":true,"href":"https:\/\/www.radioamigavallenar.cl\/index.php?rest_route=%2Fwp%2Fv2%2Fcomments&post=81381"}],"version-history":[{"count":2,"href":"https:\/\/www.radioamigavallenar.cl\/index.php?rest_route=\/wp\/v2\/posts\/81381\/revisions"}],"predecessor-version":[{"id":81383,"href":"https:\/\/www.radioamigavallenar.cl\/index.php?rest_route=\/wp\/v2\/posts\/81381\/revisions\/81383"}],"wp:attachment":[{"href":"https:\/\/www.radioamigavallenar.cl\/index.php?rest_route=%2Fwp%2Fv2%2Fmedia&parent=81381"}],"wp:term":[{"taxonomy":"category","embeddable":true,"href":"https:\/\/www.radioamigavallenar.cl\/index.php?rest_route=%2Fwp%2Fv2%2Fcategories&post=81381"},{"taxonomy":"post_tag","embeddable":true,"href":"https:\/\/www.radioamigavallenar.cl\/index.php?rest_route=%2Fwp%2Fv2%2Ftags&post=81381"}],"curies":[{"name":"wp","href":"https:\/\/api.w.org\/{rel}","templated":true}]}}