{"id":8086,"date":"2018-01-08T13:00:20","date_gmt":"2018-01-08T16:00:20","guid":{"rendered":"http:\/\/www.radioamigavallenar.cl\/?p=8086"},"modified":"2018-01-08T20:19:31","modified_gmt":"2018-01-08T23:19:31","slug":"entregan-nuevo-equipos-medicos-a-consultorio-adosado-de-especialidades-del-hph","status":"publish","type":"post","link":"https:\/\/www.radioamigavallenar.cl\/?p=8086","title":{"rendered":"Entregan nuevo equipos m\u00e9dicos a Consultorio Adosado de Especialidades del HPH"},"content":{"rendered":"<p style=\"text-align: justify;\"><a href=\"http:\/\/www.radioamigavallenar.cl\/wp-content\/uploads\/2018\/01\/Entrega-equipos.jpg\"><img loading=\"lazy\" decoding=\"async\" class=\" size-medium wp-image-8087 aligncenter\" src=\"http:\/\/www.radioamigavallenar.cl\/wp-content\/uploads\/2018\/01\/Entrega-equipos-300x169.jpg\" alt=\"Entrega equipos\" width=\"300\" height=\"169\" srcset=\"https:\/\/www.radioamigavallenar.cl\/wp-content\/uploads\/2018\/01\/Entrega-equipos-300x169.jpg 300w, https:\/\/www.radioamigavallenar.cl\/wp-content\/uploads\/2018\/01\/Entrega-equipos.jpg 700w\" sizes=\"auto, (max-width: 300px) 100vw, 300px\" \/><\/a><\/p>\n<p style=\"text-align: justify;\">Dos nuevos equipos para optimizar los diagn\u00f3sticos de los pacientes y usuarios del Hospital Provincial del Huasco (HPH), se recibieron durante diciembre en el recinto hospitalario.<\/p>\n<p style=\"text-align: justify;\">Se trata de un Holter de presi\u00f3n y de arritmia, que buscan mejorar la tecnolog\u00eda y resolutividad en la atenci\u00f3n de los usuarios, tanto adultos como pedi\u00e1tricos, que se atienden en el hospital.<\/p>\n<p style=\"text-align: justify;\">El Director del HPH, Claudio Baeza Avello, se\u00f1al\u00f3 que esta adquisici\u00f3n de equipos, tiene que ver con \u201cel proceso de renovaci\u00f3n de equipos, algunos de los cuales cumplieron 10 a\u00f1os al servicio de los usuarios. Buscamos cambiar las tecnolog\u00edas de atenci\u00f3n, con equipos de menor tama\u00f1o, m\u00e1s resolutivos y m\u00e1s modernos\u201d.<\/p>\n<p style=\"text-align: justify;\">Asimismo, complement\u00f3 se\u00f1alando que estas mejoras repercuten en la calidad asistencial, siendo m\u00e1s precisos y optimizando un mejor diagn\u00f3stico de pacientes.<\/p>\n<p style=\"text-align: justify;\">Los equipos son utilizados por el doctor Jaime Bravo en el CAE, y la pediatra Sol Gil en Pediatr\u00eda.<\/p>\n","protected":false},"excerpt":{"rendered":"<p>Dos nuevos equipos para optimizar los diagn\u00f3sticos de los pacientes y usuarios del Hospital Provincial del Huasco (HPH), se recibieron durante diciembre en el recinto&hellip; <\/p>\n","protected":false},"author":2,"featured_media":8087,"comment_status":"open","ping_status":"closed","sticky":false,"template":"","format":"standard","meta":{"footnotes":""},"categories":[2],"tags":[],"class_list":["post-8086","post","type-post","status-publish","format-standard","has-post-thumbnail","hentry","category-vallenar"],"_links":{"self":[{"href":"https:\/\/www.radioamigavallenar.cl\/index.php?rest_route=\/wp\/v2\/posts\/8086","targetHints":{"allow":["GET"]}}],"collection":[{"href":"https:\/\/www.radioamigavallenar.cl\/index.php?rest_route=\/wp\/v2\/posts"}],"about":[{"href":"https:\/\/www.radioamigavallenar.cl\/index.php?rest_route=\/wp\/v2\/types\/post"}],"author":[{"embeddable":true,"href":"https:\/\/www.radioamigavallenar.cl\/index.php?rest_route=\/wp\/v2\/users\/2"}],"replies":[{"embeddable":true,"href":"https:\/\/www.radioamigavallenar.cl\/index.php?rest_route=%2Fwp%2Fv2%2Fcomments&post=8086"}],"version-history":[{"count":0,"href":"https:\/\/www.radioamigavallenar.cl\/index.php?rest_route=\/wp\/v2\/posts\/8086\/revisions"}],"wp:featuredmedia":[{"embeddable":true,"href":"https:\/\/www.radioamigavallenar.cl\/index.php?rest_route=\/wp\/v2\/media\/8087"}],"wp:attachment":[{"href":"https:\/\/www.radioamigavallenar.cl\/index.php?rest_route=%2Fwp%2Fv2%2Fmedia&parent=8086"}],"wp:term":[{"taxonomy":"category","embeddable":true,"href":"https:\/\/www.radioamigavallenar.cl\/index.php?rest_route=%2Fwp%2Fv2%2Fcategories&post=8086"},{"taxonomy":"post_tag","embeddable":true,"href":"https:\/\/www.radioamigavallenar.cl\/index.php?rest_route=%2Fwp%2Fv2%2Ftags&post=8086"}],"curies":[{"name":"wp","href":"https:\/\/api.w.org\/{rel}","templated":true}]}}