{"id":80825,"date":"2024-04-02T00:57:16","date_gmt":"2024-04-02T03:57:16","guid":{"rendered":"https:\/\/www.radioamigavallenar.cl\/?p=80825"},"modified":"2024-04-01T18:59:48","modified_gmt":"2024-04-01T21:59:48","slug":"80825","status":"publish","type":"post","link":"https:\/\/www.radioamigavallenar.cl\/?p=80825","title":{"rendered":"Mesa Mujer y Miner\u00eda de Atacama: un compromiso de avanzar en equidad de g\u00e9nero en la industria"},"content":{"rendered":"<p>&nbsp;<\/p>\n<ul>\n<li style=\"font-weight: 400;\" aria-level=\"1\"><i><span style=\"font-weight: 400;\">Con el objetivo de fomentar la participaci\u00f3n paritaria y en promoci\u00f3n la equidad de g\u00e9nero en la miner\u00eda, la regi\u00f3n de Atacama llev\u00f3 a cabo la primera sesi\u00f3n anual de la Mesa Mujer y Miner\u00eda, liderada por la Seremi de la Mujer y la Equidad de G\u00e9nero.<\/span><\/i><\/li>\n<\/ul>\n<p>&nbsp;<\/p>\n<p><span style=\"font-weight: 400;\">Avanzando hacia la inclusi\u00f3n y equidad de g\u00e9nero en la industria minera, se realiz\u00f3 la primera sesi\u00f3n del a\u00f1o de la Mesa Mujer y Miner\u00eda. Este encuentro tuvo como prop\u00f3sito evaluar los progresos del 2023 y planificar las acciones futuras para este a\u00f1o, con foco en capacitaci\u00f3n, empoderamiento de las mujeres en el sector y la prevenci\u00f3n de la violencia de g\u00e9nero en los entornos laborales.<\/span><\/p>\n<p>&nbsp;<\/p>\n<p><span style=\"font-weight: 400;\">La iniciativa, que encabezan la seremi de la Mujer y la Equidad de G\u00e9nero, Fabiola Gallardo Torres, y el seremi de Miner\u00eda, Juan Carlos Pe\u00f1a P\u00e9rez, se enfocar\u00e1 este 2024 en tres l\u00edneas de trabajo fundamentales: <\/span><b>corresponsabilidad en cuidados, prevenci\u00f3n de las violencias de g\u00e9nero en espacios laborales e incorporaci\u00f3n y permanencia de las mujeres en este espacio tradicionalmente masculinizado.<\/b><span style=\"font-weight: 400;\"> En esta primera sesi\u00f3n de la mesa tambi\u00e9n participaron <\/span><b>Candelaria, Inacap, Gold Fields, Caserones, Grupo Minero Carola-Coemin, Enami, WIM, Atacama Kozan y Barrick.<\/b><\/p>\n<p>&nbsp;<\/p>\n<p><span style=\"font-weight: 400;\">La Mesa Mujer y Miner\u00eda en la regi\u00f3n de Atacama es un espacio colaborativo y de di\u00e1logo en que participan distintas empresas y entidades relacionadas a la miner\u00eda en la regi\u00f3n de Atacama.\u00a0<\/span><\/p>\n<p>&nbsp;<\/p>\n<p><span style=\"font-weight: 400;\">La corresponsabilidad en los cuidados fue uno de los temas centrales de esta primera sesi\u00f3n, logrando el compromiso de avanzar en medidas que permitan una mayor participaci\u00f3n de mujeres en la industria minera. En relaci\u00f3n a este punto, se acord\u00f3 realizar un seminario sobre las leyes de 40 horas, permitiendo que diferentes actores del rubro conozcan experiencias de empresas tras la implementaci\u00f3n de esta medida y c\u00f3mo esta ley aporta en la conciliaci\u00f3n de la vida laboral, personal y familiar, y otros avances legislativos relevantes.<\/span><\/p>\n<p>&nbsp;<\/p>\n<p><span style=\"font-weight: 400;\">En cuanto a la prevenci\u00f3n de violencias de g\u00e9nero, se enfatiz\u00f3 la importancia de crear espacios laborales seguros para las mujeres, acorde a la reciente aprobaci\u00f3n de la Ley Karin, que establece, por ejemplo, la existencia de protocolos para prevenci\u00f3n y abordaje de casos de maltrato o acoso laboral o sexual, y la implementaci\u00f3n del Convenio 190 de la Organizaci\u00f3n Internacional del Trabajo. Adem\u00e1s, la mesa abord\u00f3 formas de aumentar la presencia de mujeres en roles de liderazgo y tomas de decisi\u00f3n, adem\u00e1s de la incorporaci\u00f3n de la perspectiva de g\u00e9nero en las pol\u00edticas y pr\u00e1cticas empresariales mineras.\u00a0<\/span><\/p>\n<p>&nbsp;<\/p>\n<p><span style=\"font-weight: 400;\">Este encuentro demuestra el compromiso de la regi\u00f3n hacia la construcci\u00f3n de una industria minera m\u00e1s inclusiva y equitativa, marcando un hito en los esfuerzos por garantizar el respeto a los derechos y la igualdad de oportunidades para las mujeres en este sector clave para la econom\u00eda chilena.<\/span><\/p>\n","protected":false},"excerpt":{"rendered":"<p>&nbsp; Con el objetivo de fomentar la participaci\u00f3n paritaria y en promoci\u00f3n la equidad de g\u00e9nero en la miner\u00eda, la regi\u00f3n de Atacama llev\u00f3 a&hellip; <\/p>\n","protected":false},"author":2,"featured_media":80826,"comment_status":"open","ping_status":"closed","sticky":false,"template":"","format":"standard","meta":{"footnotes":""},"categories":[7],"tags":[],"class_list":["post-80825","post","type-post","status-publish","format-standard","has-post-thumbnail","hentry","category-atacama"],"_links":{"self":[{"href":"https:\/\/www.radioamigavallenar.cl\/index.php?rest_route=\/wp\/v2\/posts\/80825","targetHints":{"allow":["GET"]}}],"collection":[{"href":"https:\/\/www.radioamigavallenar.cl\/index.php?rest_route=\/wp\/v2\/posts"}],"about":[{"href":"https:\/\/www.radioamigavallenar.cl\/index.php?rest_route=\/wp\/v2\/types\/post"}],"author":[{"embeddable":true,"href":"https:\/\/www.radioamigavallenar.cl\/index.php?rest_route=\/wp\/v2\/users\/2"}],"replies":[{"embeddable":true,"href":"https:\/\/www.radioamigavallenar.cl\/index.php?rest_route=%2Fwp%2Fv2%2Fcomments&post=80825"}],"version-history":[{"count":2,"href":"https:\/\/www.radioamigavallenar.cl\/index.php?rest_route=\/wp\/v2\/posts\/80825\/revisions"}],"predecessor-version":[{"id":80828,"href":"https:\/\/www.radioamigavallenar.cl\/index.php?rest_route=\/wp\/v2\/posts\/80825\/revisions\/80828"}],"wp:featuredmedia":[{"embeddable":true,"href":"https:\/\/www.radioamigavallenar.cl\/index.php?rest_route=\/wp\/v2\/media\/80826"}],"wp:attachment":[{"href":"https:\/\/www.radioamigavallenar.cl\/index.php?rest_route=%2Fwp%2Fv2%2Fmedia&parent=80825"}],"wp:term":[{"taxonomy":"category","embeddable":true,"href":"https:\/\/www.radioamigavallenar.cl\/index.php?rest_route=%2Fwp%2Fv2%2Fcategories&post=80825"},{"taxonomy":"post_tag","embeddable":true,"href":"https:\/\/www.radioamigavallenar.cl\/index.php?rest_route=%2Fwp%2Fv2%2Ftags&post=80825"}],"curies":[{"name":"wp","href":"https:\/\/api.w.org\/{rel}","templated":true}]}}