{"id":80822,"date":"2024-04-02T00:50:32","date_gmt":"2024-04-02T03:50:32","guid":{"rendered":"https:\/\/www.radioamigavallenar.cl\/?p=80822"},"modified":"2024-04-01T18:53:39","modified_gmt":"2024-04-01T21:53:39","slug":"dia-de-las-regiones-2024-realizan-conversatorio-ciudadano-sobre-la-constitucion-de-la-primera-area-metropolitana-alto-hospicio-iquique","status":"publish","type":"post","link":"https:\/\/www.radioamigavallenar.cl\/?p=80822","title":{"rendered":"D\u00eda de las Regiones 2024: realizan conversatorio ciudadano sobre la constituci\u00f3n de la primera \u00c1rea Metropolitana Alto Hospicio-Iquique"},"content":{"rendered":"<table>\n<tbody>\n<tr>\n<td>\n<p dir=\"ltr\" role=\"presentation\">El 21 de diciembre de 2023 fue publicado en el Diario Oficial el Decreto Presidencial que constituye el \u00c1rea Metropolitana Alto Hospicio-Iquique, la primera creada en Chile a solicitud del Gobierno Regional. Esto le permite a la autoridad subnacional y a los municipios que la conforman coordinar la gesti\u00f3n e implementaci\u00f3n de pol\u00edticas p\u00fablicas en estos territorios.<\/p>\n<ul>\n<li dir=\"ltr\" aria-level=\"1\">\n<p dir=\"ltr\" role=\"presentation\">En este espacio las vecinas, vecinos y dirigentes sociales tuvieron la oportunidad de realizar preguntas y comentarios a las autoridades presentes sobre c\u00f3mo la constituci\u00f3n de esta \u00c1rea Metropolitana va a beneficiar a las comunidades de estos territorios.<\/p>\n<\/li>\n<\/ul>\n<p dir=\"ltr\">1 de abril de 2024. En el marco de la conmemoraci\u00f3n del D\u00eda de las Regiones 2024 de este 31 de marzo, la subsecretaria de Desarrollo Regional y Administrativo (Subdere), Francisca Perales, se traslad\u00f3 a la Regi\u00f3n de Tarapac\u00e1 para encabezar una serie de actividades durante este lunes y martes en la regi\u00f3n. La primera de ellas fue un conversatorio ciudadano sobre la constituci\u00f3n del \u00c1rea Metropolitana Alto Hospicio-Iquique, la primera en constituirse en el pa\u00eds a solicitud de un Gobierno Regional, instancia que cont\u00f3 tambi\u00e9n con la participaci\u00f3n de su autoridad regional, Jos\u00e9 Miguel Carvajal.<\/p>\n<p dir=\"ltr\">\u201cEs importante que el Estado en su conjunto, compuesto por los distintos niveles del gobierno, central, regional y municipalidades, tenga la posibilidad de reunirse y estar frente a la ciudadan\u00eda para dar cuenta de las cosas que se han hecho y tambi\u00e9n para poder recoger necesidades que son propias de las vecinas y vecinos. En el D\u00eda de las Regiones, queremos manifestar nuestra total disposici\u00f3n para mantener desde este Gobierno una colaboraci\u00f3n con todos los actores del mundo institucional para poder desarrollar estos planes, como lo es la constituci\u00f3n del \u00c1rea Metropolitana Alto Hospicio-Iquique que permite entender el territorio de una manera distinta\u201d, destac\u00f3 la subsecretaria Francisca Perales.<\/p>\n<p dir=\"ltr\">Adem\u00e1s, agreg\u00f3 que \u201cla descentralizaci\u00f3n es una herramienta para poder promover el desarrollo en los distintos lugares del pa\u00eds. Si logramos que entre todos, la sociedad y el Estado, trabajemos articuladamente vamos a promover bienestar, que los servicios p\u00fablicos lleguen a donde tienen que llegar y al mismo tiempo promovemos la cohesi\u00f3n de nuestra sociedad, que es algo que debemos avanzar, m\u00e1s all\u00e1 de las diferencias leg\u00edtimas que podamos tener y poner el bien com\u00fan en el centro\u201d.<\/p>\n<p dir=\"ltr\">En esta instancia, la subsecretaria Perales present\u00f3 parte de la agenda de descentralizaci\u00f3n del Gobierno del Presidente Gabriel Boric; y tambi\u00e9n la jefa de la Divisi\u00f3n de Desarrollo Regional de Subdere, Martina Valenzuela, explic\u00f3 qu\u00e9 son las \u00c1reas Metropolitanas. Adem\u00e1s se cont\u00f3 con las palabras del gobernador Carvajal y del jefe de la Divisi\u00f3n de Planificaci\u00f3n y Desarrollo Regional del Gobierno Regional de Tarapac\u00e1, \u00c1lex Ruiz. Asimismo, el inicio de la actividad tuvo la presentaci\u00f3n art\u00edstica del grupo musical Calichal, que obtuvo el segundo lugar en el Festival del Huaso de Olmu\u00e9, e interpretaron las canciones \u201cCanto a la Tierra\u201d y la \u201cReina del Tamarugal\u201d.<\/p>\n<p dir=\"ltr\">Por su parte, el gobernador regional de Tarapac\u00e1, Jos\u00e9 Miguel Carvajal, se\u00f1al\u00f3 que \u201cayer se conmemor\u00f3 el D\u00eda de las Regiones y el contar hoy con la visita de la subsecretaria y que seamos nosotros los afortunados en el pa\u00eds para que la articulaci\u00f3n del gobierno del Presidente Gabriel Boric con las regiones, a trav\u00e9s de la Subsecretar\u00eda de Desarrollo Regional y Administrativo, es sumamente especial. Nuestra regi\u00f3n hoy d\u00eda cuenta con buenas noticias de que, no solamente contamos con una \u00c1rea Metropolitana, sino que tambi\u00e9n contamos con un PEDZE, con una una nueva estrategia regional de desarrollo y con muchos instrumentos que nos van a permitir resolver nuestros problemas. El d\u00eda de hoy los hemos convocado ac\u00e1 para contarles sobre cu\u00e1les son nuestros desaf\u00edos sobre esta \u00c1rea Metropolitana\u201d.<\/p>\n<p dir=\"ltr\">El p\u00fablico asistente, vecinas, vecinos y dirigentes sociales, realiz\u00f3 consultas sobre c\u00f3mo la constituci\u00f3n del \u00c1rea Metropolitana Alto Hospicio-Iquique beneficiar\u00e1 a este territorio. Dentro de las preguntas y comentarios, destacan los agradecimientos de esta gesti\u00f3n, como tambi\u00e9n la solicitud para mejoras de seguridad y pavimentaci\u00f3n, el rol del turismo en las \u00c1reas Metropolitanas y el acceso a servicios b\u00e1sicos como recolecci\u00f3n de residuos, entre otros temas.<\/p>\n<p dir=\"ltr\">\u201cEn cuanto a las consultas, es importante dar cuenta que la \u00c1rea Metropolitana va a permitir trabajar entre el Gobierno Regional, el Ministerio de Transportes y Telecomunicaciones y los dos municipios (Alto Hospicio e Iquique) un plan maestro de transporte p\u00fablico y eso permite abordar los problemas de planificaci\u00f3n.\u00a0 En el caso de la seguridad, si contamos con equipamientos comunitarios que permitan que la sociedad articulada pueda desarrollar actividades en ello, si contamos con espacios p\u00fablicos que est\u00e9n bien mantenidos, iluminados y limpios, por supuesto que lograremos espacios m\u00e1s seguros para la comunidad\u201d, se\u00f1al\u00f3 la subsecretaria Perales.<\/p>\n<p><strong><br \/>\n<\/strong><\/p>\n<p dir=\"ltr\">\u00c1reas Metropolitanas<\/p>\n<p dir=\"ltr\">Una \u00c1rea Metropolitana est\u00e1 formada por dos o m\u00e1s comunas de una misma regi\u00f3n, unidas por un conjunto de construcciones urbanas, que comparten la utilizaci\u00f3n de infraestructura y servicios urbanos y que, en su conjunto, superan los 250.000 habitantes.<\/p>\n<p dir=\"ltr\">El 21 de diciembre de 2023 fue publicado en el Diario Oficial el Decreto Presidencial que constituye el \u00c1rea Metropolitana Alto Hospicio-Iquique, la primera en constituirse en Chile a solicitud del Gobierno Regional.<\/p>\n<p dir=\"ltr\">Esto le permite al Gobierno Regional y a los municipios que la conforman coordinar la gesti\u00f3n e implementaci\u00f3n de pol\u00edticas p\u00fablicas en estos territorios.<\/p>\n<p dir=\"ltr\">Los Gobiernos Regionales que administren una o m\u00e1s \u00c1reas Metropolitanas, participar\u00e1n aprobando o definiendo los siguientes instrumentos de planificaci\u00f3n y medidas: El Plan Maestro de transporte urbano metropolitano; el sentido del tr\u00e1nsito vehicular de las v\u00edas urbanas intercomunales; el Plan Regulador Metropolitano o intercomunal; el Plan Intercomunal de inversiones en infraestructura de movilidad y espacio p\u00fablico; y la recolecci\u00f3n, transporte y\/o disposici\u00f3n final de los residuos s\u00f3lidos domiciliarios.<\/p>\n<p dir=\"ltr\">La Subsecretar\u00eda de Desarrollo Regional y Administrativo tiene como misi\u00f3n ser un actor relevante en la efectiva transferencia de poder pol\u00edtico, econ\u00f3mico y administrativo a los gobiernos regionales y a los municipios, a trav\u00e9s de acciones concretas en materia normativa, como agentes de coordinaci\u00f3n y en la provisi\u00f3n de herramientas y recursos.<\/p>\n<\/td>\n<\/tr>\n<\/tbody>\n<\/table>\n","protected":false},"excerpt":{"rendered":"<p>El 21 de diciembre de 2023 fue publicado en el Diario Oficial el Decreto Presidencial que constituye el \u00c1rea Metropolitana Alto Hospicio-Iquique, la primera creada&hellip; <\/p>\n","protected":false},"author":2,"featured_media":80823,"comment_status":"open","ping_status":"closed","sticky":false,"template":"","format":"standard","meta":{"footnotes":""},"categories":[37],"tags":[],"class_list":["post-80822","post","type-post","status-publish","format-standard","has-post-thumbnail","hentry","category-nacional"],"_links":{"self":[{"href":"https:\/\/www.radioamigavallenar.cl\/index.php?rest_route=\/wp\/v2\/posts\/80822","targetHints":{"allow":["GET"]}}],"collection":[{"href":"https:\/\/www.radioamigavallenar.cl\/index.php?rest_route=\/wp\/v2\/posts"}],"about":[{"href":"https:\/\/www.radioamigavallenar.cl\/index.php?rest_route=\/wp\/v2\/types\/post"}],"author":[{"embeddable":true,"href":"https:\/\/www.radioamigavallenar.cl\/index.php?rest_route=\/wp\/v2\/users\/2"}],"replies":[{"embeddable":true,"href":"https:\/\/www.radioamigavallenar.cl\/index.php?rest_route=%2Fwp%2Fv2%2Fcomments&post=80822"}],"version-history":[{"count":1,"href":"https:\/\/www.radioamigavallenar.cl\/index.php?rest_route=\/wp\/v2\/posts\/80822\/revisions"}],"predecessor-version":[{"id":80824,"href":"https:\/\/www.radioamigavallenar.cl\/index.php?rest_route=\/wp\/v2\/posts\/80822\/revisions\/80824"}],"wp:featuredmedia":[{"embeddable":true,"href":"https:\/\/www.radioamigavallenar.cl\/index.php?rest_route=\/wp\/v2\/media\/80823"}],"wp:attachment":[{"href":"https:\/\/www.radioamigavallenar.cl\/index.php?rest_route=%2Fwp%2Fv2%2Fmedia&parent=80822"}],"wp:term":[{"taxonomy":"category","embeddable":true,"href":"https:\/\/www.radioamigavallenar.cl\/index.php?rest_route=%2Fwp%2Fv2%2Fcategories&post=80822"},{"taxonomy":"post_tag","embeddable":true,"href":"https:\/\/www.radioamigavallenar.cl\/index.php?rest_route=%2Fwp%2Fv2%2Ftags&post=80822"}],"curies":[{"name":"wp","href":"https:\/\/api.w.org\/{rel}","templated":true}]}}