{"id":8070,"date":"2018-01-08T19:40:27","date_gmt":"2018-01-08T22:40:27","guid":{"rendered":"http:\/\/www.radioamigavallenar.cl\/?p=8070"},"modified":"2018-01-08T19:40:27","modified_gmt":"2018-01-08T22:40:27","slug":"vallenar-contara-con-primer-conversatorio-sobre-sida","status":"publish","type":"post","link":"https:\/\/www.radioamigavallenar.cl\/?p=8070","title":{"rendered":"Vallenar contar\u00e1 con Primer Conversatorio sobre SIDA"},"content":{"rendered":"<p style=\"text-align: justify;\"><a href=\"http:\/\/www.radioamigavallenar.cl\/wp-content\/uploads\/2018\/01\/HIV-Test.jpg\"><img loading=\"lazy\" decoding=\"async\" class=\" size-medium wp-image-8071 aligncenter\" src=\"http:\/\/www.radioamigavallenar.cl\/wp-content\/uploads\/2018\/01\/HIV-Test-300x206.jpg\" alt=\"HIV-Test\" width=\"300\" height=\"206\" srcset=\"https:\/\/www.radioamigavallenar.cl\/wp-content\/uploads\/2018\/01\/HIV-Test-300x206.jpg 300w, https:\/\/www.radioamigavallenar.cl\/wp-content\/uploads\/2018\/01\/HIV-Test.jpg 700w\" sizes=\"auto, (max-width: 300px) 100vw, 300px\" \/><\/a><\/p>\n<p style=\"text-align: justify;\">Este mi\u00e9rcoles 10 de enero se realizar\u00e1 el primer Conversatorio de VIH SIDA en la provincia del Huasco. La necesidad de estas instancias de di\u00e1logo e informaci\u00f3n, surge a partir de las noticias entregadas por el Ministerio de Salud, debido al aumento de casos confirmados con VIH en el pa\u00eds, que supone un aumento en el 66% en el periodo de 2010 a 2016 principalmente en hombres y un aumento de casos en adultos mayores y poblaci\u00f3n adolescente.<\/p>\n<p style=\"text-align: justify;\">Ante esto, surgi\u00f3 desde el Consejo Integrado de la Red Asistencial de la Provincia del Huasco (CIRA) la necesidad de abordar esta contingencia en nuestra provincia, como una estrategia de abrir la tem\u00e1tica a la comunidad y as\u00ed generar conciencia tanto de la prevenci\u00f3n como tambi\u00e9n de la importancia y responsabilidad de la toma de test de Elisa.<\/p>\n<p style=\"text-align: justify;\">La instancia permitir\u00e1 destacar la importancia de dar a conocer los dispositivos existentes para los tratamientos de personas contagiadas y la preparaci\u00f3n que existe en nuestra provincia para abordar los casos de manera \u00f3ptima.<\/p>\n<p style=\"text-align: justify;\">La actividad se llevar\u00e1 a cabo desde las 10 am en el sal\u00f3n audit\u00f3rium de la Escuela Ignacio Carrera Pinto, y es abierto para toda la comunidad, buscando abordar la problem\u00e1tica del VIH\/SIDA dado el aumento de contagios en el pa\u00eds.<\/p>\n<p style=\"text-align: justify;\">Para esta actividad se contar\u00e1 con expositores relacionados con el tema, desde la Seremi de Salud de Atacama, desde la academia y desde los dispositivos de tratamiento, as\u00ed como tambi\u00e9n integrando a profesionales de la sociedad civil que puedan aportar con una mirada m\u00e1s integral, para abrir el di\u00e1logo con los asistentes y generar una conversaci\u00f3n que pueda ser un aporte para el desarrollo de la salud p\u00fablica de la provincia en conjunto con la comunidad.<\/p>\n<p style=\"text-align: justify;\"><a href=\"http:\/\/www.radioamigavallenar.cl\/wp-content\/uploads\/2018\/01\/AFICHE-VIH-IV.jpg\"><img loading=\"lazy\" decoding=\"async\" class=\" size-full wp-image-8072 aligncenter\" src=\"http:\/\/www.radioamigavallenar.cl\/wp-content\/uploads\/2018\/01\/AFICHE-VIH-IV.jpg\" alt=\"AFICHE VIH IV\" width=\"467\" height=\"700\" srcset=\"https:\/\/www.radioamigavallenar.cl\/wp-content\/uploads\/2018\/01\/AFICHE-VIH-IV.jpg 467w, https:\/\/www.radioamigavallenar.cl\/wp-content\/uploads\/2018\/01\/AFICHE-VIH-IV-200x300.jpg 200w\" sizes=\"auto, (max-width: 467px) 100vw, 467px\" \/><\/a><\/p>\n<p>&nbsp;<\/p>\n","protected":false},"excerpt":{"rendered":"<p>Este mi\u00e9rcoles 10 de enero se realizar\u00e1 el primer Conversatorio de VIH SIDA en la provincia del Huasco. La necesidad de estas instancias de di\u00e1logo&hellip; <\/p>\n","protected":false},"author":2,"featured_media":8071,"comment_status":"open","ping_status":"closed","sticky":false,"template":"","format":"standard","meta":{"footnotes":""},"categories":[2],"tags":[],"class_list":["post-8070","post","type-post","status-publish","format-standard","has-post-thumbnail","hentry","category-vallenar"],"_links":{"self":[{"href":"https:\/\/www.radioamigavallenar.cl\/index.php?rest_route=\/wp\/v2\/posts\/8070","targetHints":{"allow":["GET"]}}],"collection":[{"href":"https:\/\/www.radioamigavallenar.cl\/index.php?rest_route=\/wp\/v2\/posts"}],"about":[{"href":"https:\/\/www.radioamigavallenar.cl\/index.php?rest_route=\/wp\/v2\/types\/post"}],"author":[{"embeddable":true,"href":"https:\/\/www.radioamigavallenar.cl\/index.php?rest_route=\/wp\/v2\/users\/2"}],"replies":[{"embeddable":true,"href":"https:\/\/www.radioamigavallenar.cl\/index.php?rest_route=%2Fwp%2Fv2%2Fcomments&post=8070"}],"version-history":[{"count":0,"href":"https:\/\/www.radioamigavallenar.cl\/index.php?rest_route=\/wp\/v2\/posts\/8070\/revisions"}],"wp:featuredmedia":[{"embeddable":true,"href":"https:\/\/www.radioamigavallenar.cl\/index.php?rest_route=\/wp\/v2\/media\/8071"}],"wp:attachment":[{"href":"https:\/\/www.radioamigavallenar.cl\/index.php?rest_route=%2Fwp%2Fv2%2Fmedia&parent=8070"}],"wp:term":[{"taxonomy":"category","embeddable":true,"href":"https:\/\/www.radioamigavallenar.cl\/index.php?rest_route=%2Fwp%2Fv2%2Fcategories&post=8070"},{"taxonomy":"post_tag","embeddable":true,"href":"https:\/\/www.radioamigavallenar.cl\/index.php?rest_route=%2Fwp%2Fv2%2Ftags&post=8070"}],"curies":[{"name":"wp","href":"https:\/\/api.w.org\/{rel}","templated":true}]}}