{"id":79518,"date":"2024-02-28T00:00:34","date_gmt":"2024-02-28T03:00:34","guid":{"rendered":"https:\/\/www.radioamigavallenar.cl\/?p=79518"},"modified":"2024-02-27T20:26:35","modified_gmt":"2024-02-27T23:26:35","slug":"minvu-constata-avance-de-un-40-en-obras-del-edificio-alto-kaukari","status":"publish","type":"post","link":"https:\/\/www.radioamigavallenar.cl\/?p=79518","title":{"rendered":"Minvu constata avance de un 40% en obras del edificio \u201cAlto Kaukari\u201d"},"content":{"rendered":"<p>El nuevo conjunto habitacional est\u00e1 ubicado en Avenida El Palomar, cercano al Parque Kaukari y contar\u00e1 con dos torres de departamentos de 10 pisos cada una, beneficiando directamente a 228 familias.<\/p>\n<p>\u00b7 La obra aporta a la generaci\u00f3n de empleos en Atacama con 220 puestos de trabajo.<\/p>\n<p>&nbsp;<\/p>\n<p>En una visita a obras, liderada por la Seremi Minvu, Roc\u00edo D\u00edaz, autoridades del sector vivienda inspeccionaron la ejecuci\u00f3n de la obra Edificio \u201cAlto Kaukari\u201d, ubicado en Avenida El Palomar y que forma parte del \u201cPlan Ciudades Justas\u201d, impulsado por el Ministerio de Vivienda y Urbanismo en Atacama.<\/p>\n<p>&nbsp;<\/p>\n<p>La obra en construcci\u00f3n forma parte de los proyectos DS19 de Integraci\u00f3n Social y Territorial, subsidiados por el Gobierno de Chile a trav\u00e9s del MINVU beneficiando a 228 familias, donde el 25% de ellas, es decir, 57 familias, corresponden a sectores vulnerables.<\/p>\n<p>&nbsp;<\/p>\n<p>Al respecto, la Seremi Roc\u00edo D\u00edaz, sostuvo que el proyecto \u201cAlto Kaukari\u201d forma parte del \u201cPlan Ciudades Justas\u201d que plantea un desarrollo habitacional y urbano en torno al parque Kaukari, agregando que \u201cesta obra responde a toda una planificaci\u00f3n urbana de regeneraci\u00f3n que pretende que personas de distintos sectores socio econ\u00f3micos puedan vivir y convivir de buena manera en conjuntos habitacionales cercano a colegios, comercio, transporte y un gran espacio p\u00fablico como es el parque Kaukari\u201d. Igualmente, explic\u00f3 la autoridad; \u201cotro de los aspectos importantes de este proyecto en desarrollo, es su inserci\u00f3n en la agenda de crecimiento y pro-empleo que ha planteado el Gobierno, con la contrataci\u00f3n de 220 personas que trabajan en esta obra, lo que nos permite no solo atender a distintos sectores en su necesidad de vivienda, sino que tambi\u00e9n poder aportar a que m\u00e1s personas tengan empleos en la ciudad de Copiap\u00f3\u201d.<\/p>\n<p>&nbsp;<\/p>\n<p>Por su parte, el Director Serviu Atacama, Rodrigo Maturana, explic\u00f3 que \u201cla obra Alto Kaukari a la fecha presenta un 40% de avance, aportando al desarrollo del Plan de Emergencia Habitacional y a la econom\u00eda local con la generaci\u00f3n de puestos de empleo; son 2 torres de 10 pisos cada una, las que contar\u00e1n con ascensor, estacionamientos \u201cuno a uno\u201d, adem\u00e1s de los estacionamientos destinados a \u201cvisitas\u201d, elementos de juego, salones multiuso, \u00e1reas verdes y adem\u00e1s un local de venta para actividades comerciales en el lugar\u201d.<\/p>\n<p>&nbsp;<\/p>\n<p>La obra es ejecutada por la empresa constructora Carran S.A. y su t\u00e9rmino se estima para fines de este a\u00f1o 2024.<\/p>\n","protected":false},"excerpt":{"rendered":"<p>El nuevo conjunto habitacional est\u00e1 ubicado en Avenida El Palomar, cercano al Parque Kaukari y contar\u00e1 con dos torres de departamentos de 10 pisos cada&hellip; <\/p>\n","protected":false},"author":2,"featured_media":0,"comment_status":"open","ping_status":"closed","sticky":false,"template":"","format":"standard","meta":{"footnotes":""},"categories":[38],"tags":[],"class_list":["post-79518","post","type-post","status-publish","format-standard","hentry","category-portada-regional"],"_links":{"self":[{"href":"https:\/\/www.radioamigavallenar.cl\/index.php?rest_route=\/wp\/v2\/posts\/79518","targetHints":{"allow":["GET"]}}],"collection":[{"href":"https:\/\/www.radioamigavallenar.cl\/index.php?rest_route=\/wp\/v2\/posts"}],"about":[{"href":"https:\/\/www.radioamigavallenar.cl\/index.php?rest_route=\/wp\/v2\/types\/post"}],"author":[{"embeddable":true,"href":"https:\/\/www.radioamigavallenar.cl\/index.php?rest_route=\/wp\/v2\/users\/2"}],"replies":[{"embeddable":true,"href":"https:\/\/www.radioamigavallenar.cl\/index.php?rest_route=%2Fwp%2Fv2%2Fcomments&post=79518"}],"version-history":[{"count":1,"href":"https:\/\/www.radioamigavallenar.cl\/index.php?rest_route=\/wp\/v2\/posts\/79518\/revisions"}],"predecessor-version":[{"id":79520,"href":"https:\/\/www.radioamigavallenar.cl\/index.php?rest_route=\/wp\/v2\/posts\/79518\/revisions\/79520"}],"wp:attachment":[{"href":"https:\/\/www.radioamigavallenar.cl\/index.php?rest_route=%2Fwp%2Fv2%2Fmedia&parent=79518"}],"wp:term":[{"taxonomy":"category","embeddable":true,"href":"https:\/\/www.radioamigavallenar.cl\/index.php?rest_route=%2Fwp%2Fv2%2Fcategories&post=79518"},{"taxonomy":"post_tag","embeddable":true,"href":"https:\/\/www.radioamigavallenar.cl\/index.php?rest_route=%2Fwp%2Fv2%2Ftags&post=79518"}],"curies":[{"name":"wp","href":"https:\/\/api.w.org\/{rel}","templated":true}]}}